{"id":65393,"date":"2017-07-14T07:26:02","date_gmt":"2017-07-14T10:26:02","guid":{"rendered":"http:\/\/argentinamunicipal.com.ar\/argentina\/?p=65393"},"modified":"2017-07-14T07:26:02","modified_gmt":"2017-07-14T10:26:02","slug":"gases-palos-avalar-los-despidos","status":"publish","type":"post","link":"http:\/\/argentinamunicipal.com.ar\/argentina\/gases-palos-avalar-los-despidos\/","title":{"rendered":"Gases y palos para avalar los despidos"},"content":{"rendered":"<p>La Polic\u00eda Bonaerense desaloj\u00f3 violentamente a los trabajadores que reclamaban la continuidad en sus puestos. Hubo un amplio repudio a la represi\u00f3n y la CGT convoc\u00f3 a una marcha de protesta.<\/p>\n<p>El Gobierno termin\u00f3 ayer en PepsiCo el trabajo que hab\u00eda empezado a hacer cuando convalid\u00f3 el procedimiento preventivo de crisis del que se vali\u00f3 la empresa para cerrar su planta de Vicente L\u00f3pez y dejar a sus 600 empleados en la calle: desaloj\u00f3 a los trabajadores que tomaban la f\u00e1brica en reclamo de la continuidad en sus puestos. La administraci\u00f3n macrista apel\u00f3 para ello a los palos y los gases de la infanter\u00eda de la Polic\u00eda Bonaerense, que arremeti\u00f3 con violencia contra los despedidos en el marco de un operativo que fue seguido a cada momento por la gobernadora Mar\u00eda Eugenia Vidal, seg\u00fan revel\u00f3 su ministro de Seguridad, Cristian Ritondo, quien reivindic\u00f3 el accionar de la fuerza de seguridad y dijo que \u201cla polic\u00eda actu\u00f3 como tiene que actuar\u201d. Dirigentes pol\u00edticos, sociales y sindicales repudiaron la represi\u00f3n y responsabilizaron a Mauricio Macri, quien en una nueva muestra de que los conflictos laborales no son prioridad en su agenda miraba fotos en el Museo de la Casa Rosada mientras la polic\u00eda cargaba contra los trabajadores. Ayer mismo hubo varias manifestaciones en solidaridad con los despedidos de PepsiCo y la CGT anunci\u00f3 que har\u00e1 una movilizaci\u00f3n de protesta el 22 de agosto.<\/p>\n<p>La represi\u00f3n en PepsiCo cierra el c\u00edrculo abierto el pasado 20 de junio. Ese d\u00eda la empresa baj\u00f3 la persiana de la f\u00e1brica y se los comunic\u00f3 a sus empleados con un cartel en el port\u00f3n de ingreso en el que les informaba del \u201ccese de operaciones\u201d y los \u201clibraba de brindar servicio\u201d.<\/p>\n<p>En ese mismo momento los despedidos montaron una vigilia en la puerta de la planta para defender sus puestos de trabajo. Fue la primera de una serie de medidas de lucha que ahora prometen seguir ya fuera de la f\u00e1brica. \u201cNos desalojaron pero la lucha va a seguir. Esto no se termina ac\u00e1, nos van a ver en (la planta de PepsiCo de) Mar del Plata y en la Panamericana\u201d, avis\u00f3 Camilo Mones, delegado de los trabajadores.<\/p>\n<p>PepsiCo cerr\u00f3 su planta de Vicente L\u00f3pez en el contexto de ca\u00edda del empleo y de la actividad industrial que se registra como resultado de las pol\u00edticas del Gobierno. Con otros establecimientos en San Luis, La Rioja y Mar del Plata, argument\u00f3 que razones operativas y de log\u00edstica la obligaban a relocalizar su producci\u00f3n. Los empleados advirtieron desde un comienzo el objetivo no era otro que reducir personal y avanzar con la flexibilizaci\u00f3n laboral.<\/p>\n<p>La empresa sigui\u00f3 el manual de todo conflicto y apost\u00f3 al paso del tiempo para desgastar a los trabajadores. A su favor jug\u00f3 el Ministerio de Trabajo, que aval\u00f3 el procedimiento preventivo de crisis que present\u00f3 la empresa para justificar los despidos y no dio respuestas a los empleados, quienes denunciaron la maniobra como \u201cilegal y fraudulenta\u201d.<\/p>\n<p>En sinton\u00eda con PepsiCo, el ministro Jorge Triaca, de quien ahora piden que vaya a rendir cuentas del caso en el Senado, explic\u00f3 entonces que \u201cel proceso de producci\u00f3n de la planta de Vicente L\u00f3pez est\u00e1 migrando hacia la planta que la empresa tiene en Mar del Plata. La compa\u00f1\u00eda nos dice que va a incorporar 150 trabajadores ah\u00ed\u201d. Los despedidos tampoco consiguieron nada cuando recurrieron en busca de una soluci\u00f3n a la intendencia de Vicente L\u00f3pez, conducida por Jorge Macri, primo del Presidente.<\/p>\n<p><strong>La represi\u00f3n<\/strong><br \/>\nEn los \u00faltimos d\u00edas, la represi\u00f3n y el desalojo parec\u00edan anunciados. Los empleados que resist\u00edan los despidos dentro de la planta hab\u00edan pedido por ello que fuesen al lugar a apoyarlos.<\/p>\n<p>Durante la madrugada de ayer hubo un fuerte despliegue de fuerzas de seguridad en las inmediaciones de la planta que dio la pauta de lo que vendr\u00eda. Del operativo participaron, seg\u00fan precis\u00f3 despu\u00e9s Ritondo, un centenar de gendarmes y 300 polic\u00edas bonaerenses.<\/p>\n<p>Amparados en la orden de desalojo de la jueza Andrea Rodr\u00edguez Mentasty, fueron los miembros de la infanter\u00eda de la Polic\u00eda Bonaerense quienes avanzaron minutos despu\u00e9s de las ocho de la ma\u00f1ana sobre los trabajadores y los manifestantes. Los polic\u00edas pegaron con sus palos, arrojaron gas y rompieron el campamento que los despedidos hab\u00edan montando fuera de la f\u00e1brica. \u201cLo \u00fanico que queremos es trabajar. No queremos que nos peguen. Somos mujeres y estamos pidiendo por nuestro trabajo\u201d, imploraban las trabajadores ante la violencia policial.<\/p>\n<p>\u201cLlegaron y avanzaron sin mediar palabras. Nos empezaron a golpear y a tirar gas pimienta\u201d, relat\u00f3 el diputado del Frente de Izquierda Nicol\u00e1s del Ca\u00f1o, uno de los pol\u00edticos que se acerc\u00f3 a acompa\u00f1ar a los trabajadores. Entre otros, tambi\u00e9n estaban Myriam Bregman y Victoria Moyano, de ese mismo espacio; Leonardo Grosso, del Movimiento Evita; y Luis Zamora, de Autodeterminaci\u00f3n y Libertad. Dialogaron con el jefe del operativo para tratar de que no reprimieran, pero no lo consiguieron.<\/p>\n<p>Tras despejar la calle, los polic\u00edas forzaron el ingreso y fueron por quienes estaban dentro. \u201cEntraron rompiendo todo. Vidrios, puertas y ventanas. Palos y gases. Y amenazas. Amenazas de todo\u201d, relat\u00f3 Mones.<\/p>\n<p>Frente al avance policial la veintena de despedidos que tomaba la planta se resguard\u00f3 en una de las terrazas, desde donde arrojaron algunos elementos contra los infantes de la Bonaerense. \u201cS\u00f3lo quer\u00edamos negociar. Ped\u00edamos trabajo\u201d, destac\u00f3 el delegado gremial, quien responsabiliz\u00f3 de la violenta represi\u00f3n a \u201cla gobernadora Vidal, que mand\u00f3 a reprimir a las obreras; porque el 70 por ciento del personal son mujeres\u201d.<\/p>\n<p>Una de las razones por las cuales los trabajadores decidieron abandonar el lugar fue porque los polic\u00edas pisaron en su avance un ca\u00f1o de gas y lo rompieron. Fue un momento dram\u00e1tico y qued\u00f3 registrado en una nota que Mones le estaba dando a C5N. \u201cEs un ca\u00f1o de gas presurizado. Bajen. Vamos a volar todos\u201d, se lo escuch\u00f3 gritar con desesperaci\u00f3n al delegado, que cort\u00f3 abruptamente la entrevista.<\/p>\n<p>\u201cLa polic\u00eda actu\u00f3 como tiene que actuar\u201d, justific\u00f3 despu\u00e9s Ritondo la represi\u00f3n y argument\u00f3 que se cumpli\u00f3 la orden impartida por Mentasty, de cuyo desempe\u00f1o en el caso los diputados bonaerenses del Frente para la Victoria sospechan por \u201csus v\u00ednculos con Cambiemos\u201d. Como el jefe del operativo, que en medio del mismo afirm\u00f3 \u201cac\u00e1 nadie le est\u00e1 pegando a nadie\u201d, el ministro de Seguridad tambi\u00e9n pas\u00f3 por alto las im\u00e1genes que mostraron la brutalidad policial y el hecho de que la cantidad de gases que se arrojaron oblig\u00f3 a evacuar un jard\u00edn de infantes y un colegio primario vecinos a PepsiCo. En defensa de la fuerza de seguridad, acus\u00f3 de violentos a los despedidos, habl\u00f3 de varios polic\u00edas heridos y consider\u00f3 que se \u201cactu\u00f3 acorde a los protocolos\u201d.<\/p>\n<p>Ritondo revel\u00f3 que Vidal sigui\u00f3 las alternativas de la represi\u00f3n en todo momento. \u201cA la gobernadora son temas que le preocupan, por eso la tuve al tanto desde las primeras horas, ni bien se dict\u00f3 la orden de desalojo\u201d, cont\u00f3 Ritondo. Macri, por su parte, dedic\u00f3 el primer tramo de la ma\u00f1ana a recorrer la muestra de fotos que se mont\u00f3 en el Museo de la Casa Rosada por el 70 aniversario de la ley que habilit\u00f3 el voto femenino.<\/p>\n<p><strong>La reacci\u00f3n<\/strong><br \/>\nLa represi\u00f3n dio lugar a la convocatoria a la tercera movilizaci\u00f3n de la CGT contra el gobierno de Macri y a varias reacciones ayer mismo. Tambi\u00e9n fue repudiada por pol\u00edticos de la oposici\u00f3n, dirigentes sociales y organismos de derechos humanos.<\/p>\n<p>La CGT tom\u00f3 la decisi\u00f3n de movilizar el pr\u00f3ximo 22 de agosto durante su reuni\u00f3n de Consejo Directivo. En ese encuentro se resolvi\u00f3 tambi\u00e9n que en el plenario nacional del pr\u00f3ximo 28 de julio se presentar\u00e1 un \u201cdocumento cr\u00edtico\u201d a las pol\u00edticas de Macri.<\/p>\n<p>\u201cEl di\u00e1logo est\u00e1 fracasando\u201d, advirti\u00f3 el l\u00edder del gremio de Dragado y Balizamiento, Juan Carlos Schmid, quien enmarc\u00f3 la represi\u00f3n en PepsiCo en \u201cuna cadena de acontecimientos que empez\u00f3 en el Congreso con la Escuela Itinerante\u201d e hizo responsable al Gobierno de una eventual \u201cescalada de violencia\u201d. \u201cVamos de mal en peor\u201d, sintetiz\u00f3 Carlos Acu\u00f1a, que comparte con Schmid y H\u00e9ctor Daer el triunvirato que conduce la CGT.<\/p>\n<p>Desde la Central de Trabajadores de la Argentina (CTA) tambi\u00e9n le apuntaron a la administraci\u00f3n macrista. \u201cBrindan protecci\u00f3n al vaciamiento de la empresa por parte de la multinacional que ahora importa desde Chile los productos que se hac\u00edan ac\u00e1. Una vez m\u00e1s, palos para los trabajadores y gobierno de los ricos para los ricos\u201d, afirm\u00f3 el secretario general de la CTA de los Trabajadores, Hugo Yasky. Pablo Micheli, de la CTA Aut\u00f3noma, escribi\u00f3 en Twitter: \u201cLas multinacionales te echan a la mierda del trabajo, l@s trabajador@s defienden dignamente la comida de sus hijos y Macri lo resuelve con violencia.\u201d<\/p>\n<p>Tras la represi\u00f3n, los trabajadores el tren Sarmiento realizaron un corte de v\u00edas por algunas horas en solidaridad con los empleados de PepsiCo. Los estatales de ATE sumaron a la masiva marcha que hicieron al Ministerio de Modernizaci\u00f3n a varios los despedidos y se solidarizaron con ellos y con los cesanteados de Atucha.<\/p>\n<p>Tambi\u00e9n hubo despedidos de PepsiCo en la habitual ronda de los jueves que realizan la Asociaci\u00f3n Madres de Plaza de Mayo y las Madres de Plaza de Mayo L\u00ednea Fundadora.<\/p>\n<p>La agrupaci\u00f3n Naranja del sindicato de la Alimentaci\u00f3n y el Partido Obrero, el MAS y la Izquierda al Frente por el Socialismo tambi\u00e9n se movilizaron a la Plaza de Mayo \u201cen repudio al ajuste y la represi\u00f3n de Mauricio Macri\u201d.<\/p>\n<h6>Fuente: P\u00e1gina 12<\/h6>\n","protected":false},"excerpt":{"rendered":"<p>La Polic\u00eda Bonaerense desaloj\u00f3 violentamente a los trabajadores que reclamaban la continuidad en sus puestos. Hubo un amplio repudio a la represi\u00f3n y la CGT convoc\u00f3 a una marcha de protesta.<\/p>\n","protected":false},"author":2,"featured_media":65394,"comment_status":"closed","ping_status":"closed","sticky":false,"template":"","format":"standard","meta":{"footnotes":""},"categories":[8],"tags":[21],"class_list":["post-65393","post","type-post","status-publish","format-standard","has-post-thumbnail","hentry","category-informe-nacional","tag-argentina"],"_links":{"self":[{"href":"http:\/\/argentinamunicipal.com.ar\/argentina\/wp-json\/wp\/v2\/posts\/65393","targetHints":{"allow":["GET"]}}],"collection":[{"href":"http:\/\/argentinamunicipal.com.ar\/argentina\/wp-json\/wp\/v2\/posts"}],"about":[{"href":"http:\/\/argentinamunicipal.com.ar\/argentina\/wp-json\/wp\/v2\/types\/post"}],"author":[{"embeddable":true,"href":"http:\/\/argentinamunicipal.com.ar\/argentina\/wp-json\/wp\/v2\/users\/2"}],"replies":[{"embeddable":true,"href":"http:\/\/argentinamunicipal.com.ar\/argentina\/wp-json\/wp\/v2\/comments?post=65393"}],"version-history":[{"count":0,"href":"http:\/\/argentinamunicipal.com.ar\/argentina\/wp-json\/wp\/v2\/posts\/65393\/revisions"}],"wp:featuredmedia":[{"embeddable":true,"href":"http:\/\/argentinamunicipal.com.ar\/argentina\/wp-json\/wp\/v2\/media\/65394"}],"wp:attachment":[{"href":"http:\/\/argentinamunicipal.com.ar\/argentina\/wp-json\/wp\/v2\/media?parent=65393"}],"wp:term":[{"taxonomy":"category","embeddable":true,"href":"http:\/\/argentinamunicipal.com.ar\/argentina\/wp-json\/wp\/v2\/categories?post=65393"},{"taxonomy":"post_tag","embeddable":true,"href":"http:\/\/argentinamunicipal.com.ar\/argentina\/wp-json\/wp\/v2\/tags?post=65393"}],"curies":[{"name":"wp","href":"https:\/\/api.w.org\/{rel}","templated":true}]}}