{"id":6544,"date":"2014-04-26T10:54:25","date_gmt":"2014-04-26T13:54:25","guid":{"rendered":"http:\/\/argentinamunicipal.com.ar\/argentina\/?p=6544"},"modified":"2014-04-26T10:54:25","modified_gmt":"2014-04-26T13:54:25","slug":"intendentes-de-la-costa-rionegrina-no-quieren-proyecto-que-fije-condiciones","status":"publish","type":"post","link":"http:\/\/argentinamunicipal.com.ar\/argentina\/intendentes-de-la-costa-rionegrina-no-quieren-proyecto-que-fije-condiciones\/","title":{"rendered":"Intendentes de la costa rionegrina no quieren proyecto que fije condiciones"},"content":{"rendered":"<p><a href=\"http:\/\/argentinamunicipal.com.ar\/argentina\/wp-content\/uploads\/2014\/04\/las-grutas-rio-negro-argentina-1.jpg\"><img loading=\"lazy\" decoding=\"async\" class=\"aligncenter size-full wp-image-6545\" src=\"http:\/\/argentinamunicipal.com.ar\/argentina\/wp-content\/uploads\/2014\/04\/las-grutas-rio-negro-argentina-1.jpg\" alt=\"las-grutas-rio-negro-argentina-1\" width=\"640\" height=\"480\" srcset=\"http:\/\/argentinamunicipal.com.ar\/argentina\/wp-content\/uploads\/2014\/04\/las-grutas-rio-negro-argentina-1.jpg 640w, http:\/\/argentinamunicipal.com.ar\/argentina\/wp-content\/uploads\/2014\/04\/las-grutas-rio-negro-argentina-1-300x225.jpg 300w\" sizes=\"auto, (max-width: 640px) 100vw, 640px\" \/><\/a><\/p>\n<p>Los intendentes Javier Iud (San Antonio Oeste), Renzo Tamburrini (Sierra Grande) y Jos\u00e9 Luis Foulkes (Viedma) coincidieron en objetar los alcances del proyecto de ley que crea una comisi\u00f3n de control de edificaciones y ordenamiento territorial y urban\u00edstico de la costa atl\u00e1ntica y, en cambio, destacaron la necesidad de impulsar pol\u00edticas de sentido progresista que impulsen el desarrollo de la regi\u00f3n y ampl\u00eden la oferta tur\u00edstica.<\/p>\n<p>En una nota que enviaron al legislador radical Dar\u00edo Berardi, los jefes comunales de las tres ciudades atl\u00e1nticas consideraron acertado que el proyecto fuera retirado en la \u00faltima sesi\u00f3n parlamentaria -28 de marzo- para contar con el an\u00e1lisis previo de la Comisi\u00f3n de Asuntos Municipales.<\/p>\n<p>\u201cSon m\u00faltiples las objeciones que tenemos sobre esta iniciativa, comenzando por su viabilidad constitucional, su reprochable menoscabo por la autoridad y jurisdicci\u00f3n municipal, el dise\u00f1o de varias y complejas funciones para la comisi\u00f3n, que resultan de nula e imposible operatividad, que se contrapone con el necesario desarrollo de nuestra costa, porque pretende paralizar toda obra en una vasta regi\u00f3n donde nunca alcanzan los esfuerzos para impulsar su desarrollo y desautoriza en forma inconveniente a los distintos organismos p\u00fablicos que son autoridad de aplicaci\u00f3n sobre la regi\u00f3n comprendida en el proyecto\u201d, consignaron.<\/p>\n<p>Los intendentes tambi\u00e9n apuntaron en la nota que \u201ctenemos que impulsar pol\u00edticas con un sentido progresista, las que sin desatender las normativas en materia de cuidado de nuestro medio ambiente y recursos naturales, impulsen el desarrollo de nuestra regi\u00f3n y ampl\u00eden nuestra oferta tur\u00edstica y de recreaci\u00f3n, para lo cual es fundamental orientar y respaldar toda inversi\u00f3n privada que se presente y, al mismo tiempo, no promover acciones que generen inseguridad jur\u00eddica a nuetsros emprendedores\u201d.<\/p>\n<p>En esa materia, consideraron tambi\u00e9n que \u201cno se pueden planificar pol\u00edticas de desarrollo sustentable de nuestras costas por medio de la imposici\u00f3n unilateral de medidas o restricciones, sino que el camino es concertar acciones, pol\u00edticas y opiniones con un mira u objeto com\u00fan\u201d.<\/p>\n<p>Por eso, Iud, Tamburrini y Foulkes solicitaron no avanzar en el tratamiento del referido proyecto de ley (130\/2014) y remarcaron la necesidad que \u201ccualquier iniciativa que proponga establecer condiciones para nuestra costa, cuente con la opini\u00f3n institucional y t\u00e9cnica que, en forma previa, nos corresponde a los municipios costeros y que no estamos dispuestos a resignar\u201d.<\/p>\n<h6>Fuente: ADN R\u00edo Negro<\/h6>\n","protected":false},"excerpt":{"rendered":"<p>Los intendentes Javier Iud (San Antonio Oeste), Renzo Tamburrini (Sierra Grande) y Jos\u00e9 Luis Foulkes (Viedma) coincidieron en objetar los alcances del proyecto de ley que crea una comisi\u00f3n de control de edificaciones y ordenamiento territorial y urban\u00edstico de la costa atl\u00e1ntica y, en cambio, destacaron la necesidad de impulsar pol\u00edticas de sentido progresista que<\/p>\n","protected":false},"author":2,"featured_media":6545,"comment_status":"closed","ping_status":"closed","sticky":false,"template":"","format":"standard","meta":{"footnotes":""},"categories":[2,4],"tags":[11],"class_list":["post-6544","post","type-post","status-publish","format-standard","has-post-thumbnail","hentry","category-informe-municipal","category-informe-politico","tag-rio-negro"],"_links":{"self":[{"href":"http:\/\/argentinamunicipal.com.ar\/argentina\/wp-json\/wp\/v2\/posts\/6544","targetHints":{"allow":["GET"]}}],"collection":[{"href":"http:\/\/argentinamunicipal.com.ar\/argentina\/wp-json\/wp\/v2\/posts"}],"about":[{"href":"http:\/\/argentinamunicipal.com.ar\/argentina\/wp-json\/wp\/v2\/types\/post"}],"author":[{"embeddable":true,"href":"http:\/\/argentinamunicipal.com.ar\/argentina\/wp-json\/wp\/v2\/users\/2"}],"replies":[{"embeddable":true,"href":"http:\/\/argentinamunicipal.com.ar\/argentina\/wp-json\/wp\/v2\/comments?post=6544"}],"version-history":[{"count":0,"href":"http:\/\/argentinamunicipal.com.ar\/argentina\/wp-json\/wp\/v2\/posts\/6544\/revisions"}],"wp:featuredmedia":[{"embeddable":true,"href":"http:\/\/argentinamunicipal.com.ar\/argentina\/wp-json\/wp\/v2\/media\/6545"}],"wp:attachment":[{"href":"http:\/\/argentinamunicipal.com.ar\/argentina\/wp-json\/wp\/v2\/media?parent=6544"}],"wp:term":[{"taxonomy":"category","embeddable":true,"href":"http:\/\/argentinamunicipal.com.ar\/argentina\/wp-json\/wp\/v2\/categories?post=6544"},{"taxonomy":"post_tag","embeddable":true,"href":"http:\/\/argentinamunicipal.com.ar\/argentina\/wp-json\/wp\/v2\/tags?post=6544"}],"curies":[{"name":"wp","href":"https:\/\/api.w.org\/{rel}","templated":true}]}}