{"id":65444,"date":"2017-07-17T06:59:25","date_gmt":"2017-07-17T09:59:25","guid":{"rendered":"http:\/\/argentinamunicipal.com.ar\/argentina\/?p=65444"},"modified":"2017-07-17T06:59:25","modified_gmt":"2017-07-17T09:59:25","slug":"las-empresas-periodisticas-eliminan-mas-puestos-trabajo-condicionan-la-libertad-expresion","status":"publish","type":"post","link":"http:\/\/argentinamunicipal.com.ar\/argentina\/las-empresas-periodisticas-eliminan-mas-puestos-trabajo-condicionan-la-libertad-expresion\/","title":{"rendered":"Las empresas period\u00edsticas eliminan m\u00e1s puestos de trabajo y condicionan la libertad de expresi\u00f3n"},"content":{"rendered":"<p>El Sindicato de Prensa de Buenos Aires emiti\u00f3 un comunicado en el que alerta la dif\u00edc\u00edl situaci\u00f3n que atraviesan los trabajadores del sector.<\/p>\n<p>El Sindicato de Prensa de Buenos Aires (Sipreba emiti\u00f3 un comunicado en el advirti\u00f3 la dificil situaci\u00f3n que atraviesan los trabajadores del sector y denunci\u00f3 que al eliminar los puestos de trabajo las empresas period\u00edsticas condicionan la libertad de expresi\u00f3n. Todo ello, contando con el aval del ministerio de Trabajo y del Enacom ante una nueva ofensiva empresaria contra las condiciones laborales y salariales.<\/p>\n<p>En el comunicado, se advierte que esta nuevo ataque a los trabajadores se produce \u00abdespu\u00e9s de la p\u00e9rdida de 2.500 puestos de trabajo a nivel nacional en 2016, de los cuales casi 1.400 ocurrieron en la Ciudad de Buenos Aires, en medios period\u00edsticos que tienen por propietarios a empresarios de diverso pelaje ideol\u00f3gico (o no tanto)\u00bb.<\/p>\n<p>Al respecto, se agrega que \u00abcon sus decisiones de cierre, de achicamiento y de fusiones, persisten en una ofensiva sobre nuestro trabajo (por caso insistiendo con la multitarea), violando convenios y estatutos profesionales, depreciando nuestros salarios y afectando nuestras condiciones de vida\u00bb.<\/p>\n<p>Por otro lado, se se\u00f1ala que \u00abel achicamiento del mercado laboral y la incertidumbre que genera esta situaci\u00f3n busca disciplinar a periodistas y comunicadores, condicionando adem\u00e1s la libertad de expresi\u00f3n\u00bb.<\/p>\n<p><strong>Estado de situaci\u00f3n:<\/strong><\/p>\n<p>. Radio Del Plata y 360 TV: Hace un a\u00f1o y medio comenz\u00f3 el proceso de vaciamiento por parte de la empresa Electroingenier\u00eda (Ferreyra-Acosta). En las \u00faltimas semanas la empresa viol\u00f3 un compromiso de pagos que sosten\u00eda con los distintos gremios de la radio, por lo cual se defini\u00f3 volver a las medidas de fuerza con paros totales.<\/p>\n<p>. Grupo Olmos: Hace tres semanas cerr\u00f3 la Revista 23, que funcionaba en formato digital desde enero, y esta semana despidi\u00f3 a tres trabajadores del diario Cr\u00f3nica y dos de BAE Negocios.<\/p>\n<p>. P\u00e1gina 12: La empresa perteneciente a la Fundaci\u00f3n Octubre (V\u00edctor Santamar\u00eda), paga en cuotas el aguinaldo y el sueldo de junio y promete completarlos antes de fin de mes, pero sin incluir el 12 por ciento de aumento que rige desde mayo por paritarias. Adem\u00e1s, congel\u00f3 a todo el sector fotograf\u00eda al sacarle la movilidad. Por ello se realizaron paros y el diario sali\u00f3 sin la firma de los periodistas en reiteradas ocasiones.<\/p>\n<p>. Editorial Perfil: Tambi\u00e9n se realizaron asambleas y retenci\u00f3n de tareas porque la empresa de Jorge Fontevecchia comunic\u00f3 que pagar\u00e1 el aguinaldo en tres cuotas mensuales.<\/p>\n<p>. Grupo Indalo: En la casi totalidad de medios del grupo perteneciente a Cristobal Lopez persisten los conflictos con sus trabajadores y trabajadoras. En \u00c1mbito Financiero y \u00c1mbito.com la Asamblea realiz\u00f3 paros hasta cobrar (fuera del plazo legal) el aguinaldo y el sueldo. Por su parte, los compa\u00f1eros de Diario Registrado aun no cobraron su sueldo. En CN 23 la empresa anunci\u00f3 una inminente \u00abreestructuraci\u00f3n\u00bb que en sus propias palabras significa comenzar a funcionar con \u201cenlatados\u201d, es decir sin producir contenidos propios. La propuesta de la empresa para la casi totalidad de los 100 trabajadores es que acepten \u201cretiros voluntarios\u201d compulsivos.<\/p>\n<p>. Editorial Atl\u00e1ntida-Televisa: Hace dos meses la empresa de capitales mexicanos despidi\u00f3 a 25 trabajadores\/as. Frente al paro de la redacci\u00f3n y la posibilidad de que no salga la revista Gente por primera vez en su historia, la empresa se comprometi\u00f3 a no realizar m\u00e1s despidos, dar 15 por ciento de aumento en mayo, a recategorizar trabajadores\/as y volver a brindar el servicio de refrigerio y movilidad para los periodistas. Varios de estos puntos fueron incumplidos por la empresa, por lo cual no se descarta volver a las medidas de fuerza en los pr\u00f3ximos d\u00edas.<\/p>\n<p>. Agencia DyN: Los trabajadores y trabajadoras denunciaron un \u00abajustazo\u00bb en la empresa que tiene por principales accionistas a Clarin y La Naci\u00f3n, con p\u00e9rdida de puestos de trabajo y desinversi\u00f3n en equipamiento. Asimismo se insiste en el reclamo de mejores salarios que los surgidos de las pobres paritarias firmadas por la Utpba.<\/p>\n<p>.Medios P\u00fablicos: En Telam la gesti\u00f3n despidi\u00f3 dos trabajadores, con el agravante de que uno de los casos se produjo luego de una pregunta \u201cinc\u00f3moda\u201d al jefe de gobierno porte\u00f1o Horacio Larreta. Adem\u00e1s, contin\u00faa la incertidumbre por el proyecto del gobierno de privatizar Telam Publicitaria y el malestar por la paritaria que la gesti\u00f3n pretende cerrar a la baja. Por su parte, en Radio Nacional la empresa negoci\u00f3 el aumento salarial con menos de la mitad de los gremios que conforman la paritaria y sin la participaci\u00f3n de los sindicatos de Prensa. Sin contar las situaciones de fraude laboral que se mantienen con la actual administraci\u00f3n.<\/p>\n<p><strong>Decisiones que alarman:<\/strong><br \/>\n. Desde el sindicato no podemos dejar de mencionar la situaci\u00f3n de los compa\u00f1eros y compa\u00f1eras del SIVENDIA (Canillitas) que hace d\u00edas sufrieron la intervenci\u00f3n de su sindicato por parte de la gendarmer\u00eda, a partir de una orden del Poder Judicial.<\/p>\n<p>En este contexto, no es casual que sea un sindicato de la Comunicaci\u00f3n el que resulte intervenido, recordando los peores momentos de la historia de nuestro pa\u00eds.<\/p>\n<p>. En tanto, Clar\u00edn, el grupo de medios mas importante de la Argentina, acaba de sellar un acuerdo con Telecom que lo pone en inmejorables condiciones en el mercado local de las comunicaciones. El cuadro de concentraci\u00f3n medi\u00e1tica y econ\u00f3mica va acompa\u00f1ado del achicamiento del mercado laboral (con centenares de \u00abretiros voluntarios\u00bb) y de la flexibilizaci\u00f3n de las condiciones laborales de trabajadores\/as de prensa.<\/p>\n<p><strong>Fortalecer la unidad con organizaci\u00f3n gremial<\/strong><\/p>\n<p>. El \u00fanico camino para frenar la embestida empresaria es fortalecer la organizaci\u00f3n del SiPreBa en cada lugar de trabajo, a trav\u00e9s de la afiliaci\u00f3n, de la integraci\u00f3n de comisiones internas, del debate en asambleas, y de la participaci\u00f3n en cada una de las instancias y medidas de lucha que impulse nuestro Sindicato.<\/p>\n<p>Por ello, el SiPreBA convoca a un PLENARIO DE DELEGADOS AMPLIADO A TODOS LOS TRABAJADORES Y TRABAJADORAS para discutir los pasos a seguir ante la compleja situaci\u00f3n que atravesamos. Martes 18 de julio a las 12hs en la sede de la FATPREN, Solis 1158<\/p>\n<h6>Fuente: InfoNews<\/h6>\n","protected":false},"excerpt":{"rendered":"<p>El Sindicato de Prensa de Buenos Aires emiti\u00f3 un comunicado en el que alerta la dif\u00edc\u00edl situaci\u00f3n que atraviesan los trabajadores del sector.<\/p>\n","protected":false},"author":2,"featured_media":65445,"comment_status":"closed","ping_status":"closed","sticky":false,"template":"","format":"standard","meta":{"footnotes":""},"categories":[8],"tags":[21],"class_list":["post-65444","post","type-post","status-publish","format-standard","has-post-thumbnail","hentry","category-informe-nacional","tag-argentina"],"_links":{"self":[{"href":"http:\/\/argentinamunicipal.com.ar\/argentina\/wp-json\/wp\/v2\/posts\/65444","targetHints":{"allow":["GET"]}}],"collection":[{"href":"http:\/\/argentinamunicipal.com.ar\/argentina\/wp-json\/wp\/v2\/posts"}],"about":[{"href":"http:\/\/argentinamunicipal.com.ar\/argentina\/wp-json\/wp\/v2\/types\/post"}],"author":[{"embeddable":true,"href":"http:\/\/argentinamunicipal.com.ar\/argentina\/wp-json\/wp\/v2\/users\/2"}],"replies":[{"embeddable":true,"href":"http:\/\/argentinamunicipal.com.ar\/argentina\/wp-json\/wp\/v2\/comments?post=65444"}],"version-history":[{"count":0,"href":"http:\/\/argentinamunicipal.com.ar\/argentina\/wp-json\/wp\/v2\/posts\/65444\/revisions"}],"wp:featuredmedia":[{"embeddable":true,"href":"http:\/\/argentinamunicipal.com.ar\/argentina\/wp-json\/wp\/v2\/media\/65445"}],"wp:attachment":[{"href":"http:\/\/argentinamunicipal.com.ar\/argentina\/wp-json\/wp\/v2\/media?parent=65444"}],"wp:term":[{"taxonomy":"category","embeddable":true,"href":"http:\/\/argentinamunicipal.com.ar\/argentina\/wp-json\/wp\/v2\/categories?post=65444"},{"taxonomy":"post_tag","embeddable":true,"href":"http:\/\/argentinamunicipal.com.ar\/argentina\/wp-json\/wp\/v2\/tags?post=65444"}],"curies":[{"name":"wp","href":"https:\/\/api.w.org\/{rel}","templated":true}]}}