{"id":65453,"date":"2017-07-17T07:25:05","date_gmt":"2017-07-17T10:25:05","guid":{"rendered":"http:\/\/argentinamunicipal.com.ar\/argentina\/?p=65453"},"modified":"2017-07-17T07:25:05","modified_gmt":"2017-07-17T10:25:05","slug":"la-tijera-cortando-hilo-mas-delgado","status":"publish","type":"post","link":"http:\/\/argentinamunicipal.com.ar\/argentina\/la-tijera-cortando-hilo-mas-delgado\/","title":{"rendered":"Con la tijera cortando el hilo m\u00e1s delgado"},"content":{"rendered":"<p>En enero los beneficiarios eran 3.980.755 y en marzo esa cifra se redujo a 3.749.213. Las bajas est\u00e1n relacionadas con incumplimientos, fundamentalmente de j\u00f3venes que dejaron de ir al colegio para trabajar por la p\u00e9rdida del poder adquisitivo de los hogares.<\/p>\n<p>El Gobierno les quit\u00f3 la Asignaci\u00f3n Universal por Hijo (AUH) a 231.542 personas en el primer trimestre. En enero los beneficiarios eran 3.980.755 y en marzo esa cifra se redujo a 3.749.213. Las bajas est\u00e1n relacionadas con incumplimientos en la presentaci\u00f3n de la documentaci\u00f3n necesaria para conservar el beneficio. Un informe del Centro de Econom\u00eda Pol\u00edtica Argentina (CEPA), elaborado por Julia Strada y Hern\u00e1n Letcher, que analiza la evoluci\u00f3n de la AUH, advierte en base a un relevamiento realizado en varios distritos del conurbano bonaerense que en los \u00faltimos dos a\u00f1os dejaron el secundario aproximadamente el 20 por ciento de los alumnos por diversas razones entre las que sobresalen la perdida de poder adquisitivo de los hogares y la necesidad de conseguir un trabajo para compensar esa situaci\u00f3n. Si bien el relevamiento no tiene rigor estad\u00edstico ayuda a comprender por qu\u00e9 muchas familias dejaron de cumplir con requerimientos necesarios para conservar la AUH. Desde la Anses se limitaron a aclarar a este diario que \u201cno se modificaron los controles que se realizan de manera rutinaria para evaluar el cumplimiento de los requisitos de presentaci\u00f3n de documentaci\u00f3n que avale que el ni\u00f1o fue al colegio y cumpli\u00f3 con controles de salud tal como establece la norma de creaci\u00f3n de la AUH\u201d. El informe de CEPA tambi\u00e9n da cuenta de una p\u00e9rdida neta de poder adquisitivo de este beneficio que se redujo en 6 puntos porcentuales respecto de diciembre de 2015.<\/p>\n<p>En diciembre de 2015 la cantidad de beneficiarios de la AUH eran 3.777.124 personas. Luego el n\u00famero fue subiendo en l\u00ednea a como lo ven\u00eda haciendo durante el kirchnerismo a 3980.755 en enero de este a\u00f1o. Sin embargo, en los meses siguientes comenz\u00f3 a caer y en marzo toc\u00f3 un piso de 3.749.213 personas, 27.911 beneficiarios menos que en diciembre de 2015 pese a que desde entonces la desocupaci\u00f3n y la pobreza crecieron. \u201cEsta decisi\u00f3n no resulta aislada. Se enmarca en la pol\u00edtica estatal de reducci\u00f3n del gasto social, como la suspensi\u00f3n de medicamentos para jubilados, el retiro de las pensiones para personas con discapacidad, madres de siete hijos o por viudez, o las masivas suspensiones del Plan Progresar\u201d, remarcan Strada y Letcher.<\/p>\n<p>Otro aspecto es el monto percibido. No s\u00f3lo se trata de la perdida absoluta de los ingresos v\u00eda suspensi\u00f3n o baja de la AUH, sino que desde diciembre de 2015 en adelante se produjo una fuerte reducci\u00f3n del poder adquisitivo del valor de la asignaci\u00f3n. Si se toma en cuenta el per\u00edodo de diciembre de 2014 a noviembre de 2015, el promedio de poder adquisitivo fue de 98,16 (base 100), mientras que el promedio hasta 2017 fue de 91,79 puntos, cerca de 6 puntos porcentuales menos. En la Anses tienen otros c\u00e1lculos, y estimaron que el promedio del valor real de la AUH en 2015 fue de 103,4 (base 100), 100,8 en 2016 y 102,6 en los primeros seis meses de 2017, lo que lo ubica por debajo del 2015 pero con una leve mejora contra el a\u00f1o pasado.<\/p>\n<p>El estudio tambi\u00e9n analiza la evoluci\u00f3n de las asignaciones familiares para monotributistas. A comienzos del a\u00f1o pasado el presidente Mauricio Macri anunci\u00f3 la incorporaci\u00f3n de hijos de trabajadores monotributistas al r\u00e9gimen de Asignaciones Familiares. Seg\u00fan lo sostuvo entonces, se trataba de una inversi\u00f3n social de 4400 millones de pesos financiada a partir de aportes del monotributo e ingresos generales provenientes del ANSES y del Tesoro. El resultado implicaba 514.000 ni\u00f1os y ni\u00f1as que comenzar\u00edan a recibir la asignaci\u00f3n mensual. Sin embargo, las cifras oficiales evidenciaron una realidad diferente. En marzo de 2016 comenzaron cobrando ese beneficio 203.090 ni\u00f1os, apenas el 39 por ciento del total anunciado. Desde entonces, el universo de beneficiarios comenz\u00f3 a crecer, a medida que se incorporaban m\u00e1s monotributistas, hasta llegar a 318.163 personas en marzo de este a\u00f1o, quedando significativamente por debajo del total prometido.<\/p>\n<p>Los programas sociales no s\u00f3lo constituyen derechos del conjunto de los ni\u00f1os\/as y adolescentes menores de 18 a\u00f1os, sino que tienen un relevante efecto econ\u00f3mico, que impacta positivamente en la expansi\u00f3n de la demanda agregada, a trav\u00e9s de mayor consumo, y deriva en mayores niveles de crecimiento econ\u00f3mico. Por lo tanto, un recorte como el implementado por el gobierno profundiza la crisis econ\u00f3mica.<\/p>\n<h6>Fuente: P\u00e1gina 12<\/h6>\n","protected":false},"excerpt":{"rendered":"<p>En enero los beneficiarios eran 3.980.755 y en marzo esa cifra se redujo a 3.749.213. Las bajas est\u00e1n relacionadas con incumplimientos, fundamentalmente de j\u00f3venes que dejaron de ir al colegio para trabajar por la p\u00e9rdida del poder adquisitivo de los hogares.<\/p>\n","protected":false},"author":2,"featured_media":65454,"comment_status":"closed","ping_status":"closed","sticky":false,"template":"","format":"standard","meta":{"footnotes":""},"categories":[8],"tags":[21],"class_list":["post-65453","post","type-post","status-publish","format-standard","has-post-thumbnail","hentry","category-informe-nacional","tag-argentina"],"_links":{"self":[{"href":"http:\/\/argentinamunicipal.com.ar\/argentina\/wp-json\/wp\/v2\/posts\/65453","targetHints":{"allow":["GET"]}}],"collection":[{"href":"http:\/\/argentinamunicipal.com.ar\/argentina\/wp-json\/wp\/v2\/posts"}],"about":[{"href":"http:\/\/argentinamunicipal.com.ar\/argentina\/wp-json\/wp\/v2\/types\/post"}],"author":[{"embeddable":true,"href":"http:\/\/argentinamunicipal.com.ar\/argentina\/wp-json\/wp\/v2\/users\/2"}],"replies":[{"embeddable":true,"href":"http:\/\/argentinamunicipal.com.ar\/argentina\/wp-json\/wp\/v2\/comments?post=65453"}],"version-history":[{"count":0,"href":"http:\/\/argentinamunicipal.com.ar\/argentina\/wp-json\/wp\/v2\/posts\/65453\/revisions"}],"wp:featuredmedia":[{"embeddable":true,"href":"http:\/\/argentinamunicipal.com.ar\/argentina\/wp-json\/wp\/v2\/media\/65454"}],"wp:attachment":[{"href":"http:\/\/argentinamunicipal.com.ar\/argentina\/wp-json\/wp\/v2\/media?parent=65453"}],"wp:term":[{"taxonomy":"category","embeddable":true,"href":"http:\/\/argentinamunicipal.com.ar\/argentina\/wp-json\/wp\/v2\/categories?post=65453"},{"taxonomy":"post_tag","embeddable":true,"href":"http:\/\/argentinamunicipal.com.ar\/argentina\/wp-json\/wp\/v2\/tags?post=65453"}],"curies":[{"name":"wp","href":"https:\/\/api.w.org\/{rel}","templated":true}]}}