{"id":6547,"date":"2014-04-26T11:16:30","date_gmt":"2014-04-26T14:16:30","guid":{"rendered":"http:\/\/argentinamunicipal.com.ar\/argentina\/?p=6547"},"modified":"2014-04-26T11:16:30","modified_gmt":"2014-04-26T14:16:30","slug":"san-juan-recibe-a-referentes-vitivinicolas-de-todo-el-pais-para-defender-la-ley-de-mosto","status":"publish","type":"post","link":"http:\/\/argentinamunicipal.com.ar\/argentina\/san-juan-recibe-a-referentes-vitivinicolas-de-todo-el-pais-para-defender-la-ley-de-mosto\/","title":{"rendered":"San Juan recibe a referentes vitivin\u00edcolas de todo el pa\u00eds para defender la ley de mosto"},"content":{"rendered":"<p><a href=\"http:\/\/argentinamunicipal.com.ar\/argentina\/wp-content\/uploads\/2014\/04\/Aceite-de-semilla-de-uva-amigo-para-la-piel-3.jpg\"><img loading=\"lazy\" decoding=\"async\" class=\"aligncenter size-full wp-image-6548\" src=\"http:\/\/argentinamunicipal.com.ar\/argentina\/wp-content\/uploads\/2014\/04\/Aceite-de-semilla-de-uva-amigo-para-la-piel-3.jpg\" alt=\"Aceite-de-semilla-de-uva-amigo-para-la-piel-3\" width=\"630\" height=\"421\" srcset=\"http:\/\/argentinamunicipal.com.ar\/argentina\/wp-content\/uploads\/2014\/04\/Aceite-de-semilla-de-uva-amigo-para-la-piel-3.jpg 630w, http:\/\/argentinamunicipal.com.ar\/argentina\/wp-content\/uploads\/2014\/04\/Aceite-de-semilla-de-uva-amigo-para-la-piel-3-300x200.jpg 300w\" sizes=\"auto, (max-width: 630px) 100vw, 630px\" \/><\/a><\/p>\n<p>La provincia de San Juan ser\u00e1 sede este viernes de un importante encuentro de los referentes de la industria vitivin\u00edcola de todo el pa\u00eds que se reunir\u00e1n para debatir los detalles de un proyecto de ley que fija rebajas impositivas para la f\u00e1bricas de bebidas sin alcohol que utilicen jugos de frutas (incluyendo la uva) para elaborar sus productos.<\/p>\n<p>El proyecto de ley, que cuenta con apoyo de las provincias vitivin\u00edcolas y del Consejo Federal de Agropecuario, ser\u00e1 presentado ma\u00f1ana a las 11 en el Auditorio Eloy Camus, del Centro C\u00edvico de San Juan. El encuentro ser\u00e1 encabezado por el gobernador Jos\u00e9 Luis Gioja, y contar\u00e1 con la presencia de los ministros de la Producci\u00f3n de San Juan, Marcelo Alos; de Mendoza, Marcelo Barg; de Salta, Baltasar Saravia; de Catamarca, Raul Chico; de La Rioja, H\u00e9ctor Javier Tineo, y de Rio Negro Haroldo Lebed.<\/p>\n<p>Tambi\u00e9n asistir\u00e1 el presidente del Instituto Nacional de Vitivinicultura (INV), Guillermo Daniel Garcia, la titular de la COVIAR, Hilda Wilhelm de Vaieretti, C\u00e1maras de Productores y sectores vinculados con la vitivinicultura argentina.<\/p>\n<p>La iniciativa que est\u00e1 en tratamiento en la C\u00e1mara de Diputados de la Naci\u00f3n, fue presentada por los legisladores Luis Basterra de Formosa, Guillermo Carmona de Mendoza, Omar F\u00e9lix de San Rafael, Rub\u00e9n U\u00f1ac y Daniel Tomas de San Juan.<\/p>\n<p>El proyecto de ley propone elevar a niveles hist\u00f3ricos (28 por ciento) los impuestos internos a las bebidas analcoh\u00f3licas que hoy tienen un gravamen de entre el 4 y el 8 por ciento, pero establecer un descuento del 90 por ciento en el gravamen para los productos que utilicen para endulzarlos, hasta un 75 por ciento de az\u00facar de ca\u00f1a y hasta un 10 por ciento de jugos naturales de frutas.<\/p>\n<p>En declaraciones a T\u00e9lam Tomas explic\u00f3 que el proyecto \u00abes fundamental para las econom\u00edas locales, porque establece un equilibrio, al tiempo que avanza en mejoras para la salud con la utilizaci\u00f3n de endulzantes naturales en reemplazo de la fructosa de ma\u00edz, que se utiliza actualmente y que es perjudicial para la salud\u00bb, dijo Daniel Tomas, uno de los autores.<\/p>\n<p>El diputado aclar\u00f3 que si bien para la industria vitivin\u00edcola el uso del jugo concentrado de uva en forma conjunta con el az\u00facar de ca\u00f1a originar\u00edan un nuevo mercado para el mosto, el proyecto tambi\u00e9n se refiere a los jugos de todas las frutas que se producen en el pais y que puedan sintetizar capacidades edulcorantes.<\/p>\n<p>En ese sentido, la presidente de la Coviar, Hilda Wilhelm de Vaieretti, dijo que \u00abestamos impulsando la ley que incorporar\u00e1 el jugo de uva a las bebidas colas\u00bb, lo que sostuvo que \u00aboriginar\u00eda beneficios impositivos a las econom\u00edas regionales y generar\u00eda un mercado de unas 50.000 toneladas de jugo de uva por a\u00f1o\u00bb.<\/p>\n<p>La iniciativa legislativa recibi\u00f3 el 22 febrero pasado el apoyo del Consejo Federal Agropecuario, que sesion\u00f3 en San Juan durante la Fiesta Nacional del Sol con la presencia del ministro de Agricultura, Ganader\u00eda y Pesca, Carlos Casamiquela; el presidente de la C\u00e1mara de Diputados de la Naci\u00f3n, Juli\u00e1n Dom\u00ednguez, y el presidente de la Comisi\u00f3n de Agricultura, Luis Basterra.<\/p>\n<p>Posteriormente y durante una sesi\u00f3n de la Coviar en Mendoza, el jefe de Gabinete de Ministros del Gobierno Nacional, Jorge Capitanich, expres\u00f3 el apoyo del gobierno nacional a la iniciativa, que apunta no s\u00f3lo al mosto de uva, sino todo jugo de fruta que pueda ser utilizado en el proceso.<\/p>\n<h6>Fuente: San Luis 24<\/h6>\n","protected":false},"excerpt":{"rendered":"<p>La provincia de San Juan ser\u00e1 sede este viernes de un importante encuentro de los referentes de la industria vitivin\u00edcola de todo el pa\u00eds que se reunir\u00e1n para debatir los detalles de un proyecto de ley que fija rebajas impositivas para la f\u00e1bricas de bebidas sin alcohol que utilicen jugos de frutas (incluyendo la uva)<\/p>\n","protected":false},"author":2,"featured_media":6548,"comment_status":"closed","ping_status":"closed","sticky":false,"template":"","format":"standard","meta":{"footnotes":""},"categories":[8],"tags":[],"class_list":["post-6547","post","type-post","status-publish","format-standard","has-post-thumbnail","hentry","category-informe-nacional"],"_links":{"self":[{"href":"http:\/\/argentinamunicipal.com.ar\/argentina\/wp-json\/wp\/v2\/posts\/6547","targetHints":{"allow":["GET"]}}],"collection":[{"href":"http:\/\/argentinamunicipal.com.ar\/argentina\/wp-json\/wp\/v2\/posts"}],"about":[{"href":"http:\/\/argentinamunicipal.com.ar\/argentina\/wp-json\/wp\/v2\/types\/post"}],"author":[{"embeddable":true,"href":"http:\/\/argentinamunicipal.com.ar\/argentina\/wp-json\/wp\/v2\/users\/2"}],"replies":[{"embeddable":true,"href":"http:\/\/argentinamunicipal.com.ar\/argentina\/wp-json\/wp\/v2\/comments?post=6547"}],"version-history":[{"count":0,"href":"http:\/\/argentinamunicipal.com.ar\/argentina\/wp-json\/wp\/v2\/posts\/6547\/revisions"}],"wp:featuredmedia":[{"embeddable":true,"href":"http:\/\/argentinamunicipal.com.ar\/argentina\/wp-json\/wp\/v2\/media\/6548"}],"wp:attachment":[{"href":"http:\/\/argentinamunicipal.com.ar\/argentina\/wp-json\/wp\/v2\/media?parent=6547"}],"wp:term":[{"taxonomy":"category","embeddable":true,"href":"http:\/\/argentinamunicipal.com.ar\/argentina\/wp-json\/wp\/v2\/categories?post=6547"},{"taxonomy":"post_tag","embeddable":true,"href":"http:\/\/argentinamunicipal.com.ar\/argentina\/wp-json\/wp\/v2\/tags?post=6547"}],"curies":[{"name":"wp","href":"https:\/\/api.w.org\/{rel}","templated":true}]}}