{"id":65474,"date":"2017-07-17T06:00:28","date_gmt":"2017-07-17T09:00:28","guid":{"rendered":"http:\/\/argentinamunicipal.com.ar\/argentina\/?p=65474"},"modified":"2017-07-17T08:13:11","modified_gmt":"2017-07-17T11:13:11","slug":"nacion-apelo-amparo-lo-obliga-restituir-pensiones","status":"publish","type":"post","link":"http:\/\/argentinamunicipal.com.ar\/argentina\/nacion-apelo-amparo-lo-obliga-restituir-pensiones\/","title":{"rendered":"Naci\u00f3n apel\u00f3 el amparo que lo obliga a restituir pensiones"},"content":{"rendered":"<p>El gobierno nacional apel\u00f3 la medida cautelar que la semana pasada lo hab\u00eda obligado a restituir las pensiones por invalidez que hab\u00eda quitado compulsivamente y sin previo aviso. El recurso presentado por la administraci\u00f3n macrista va a contramano de su promesa de respetar las decisiones de la Justicia y de restablecer ese derecho quitado hace tres meses. Ahora resta esperar que otro magistrado defina si contin\u00faa vigente el amparo o si acepta la impugnaci\u00f3n del Poder Ejecutivo.<\/p>\n<p>En su fallo del 7 de julio pasado, la jueza federal de la Seguridad Social Viviana Pi\u00f1ero hab\u00eda hecho lugar una presentaci\u00f3n hecha por el frente 1Pa\u00eds en la jurisdicci\u00f3n del departamento judicial de San Mart\u00edn. La medida convalid\u00f3 un dictamen del 28 de junio hecho por el fiscal Gabriel de Vedia, quien intervino en el caso de un ni\u00f1o con retraso madurativo al que se le quit\u00f3 ese beneficio.<\/p>\n<p>Pi\u00f1ero le dio al Gobierno un plazo de ocho d\u00edas para restablecer las 175 mil pensiones no contributivas -en su mayor\u00eda por incapacidad y a madres con siete hijos o m\u00e1s- e hizo lugar a la posibilidad de presentar una acci\u00f3n colectiva.<\/p>\n<p>La presentaci\u00f3n hab\u00eda sido hecha debido a que el Ministerio de Desarrollo Social incumpli\u00f3 con lo que hab\u00eda prometido luego de que una masiva movilizaci\u00f3n frente al Obelisco de personas discapacitadas y centros terap\u00e9uticos ocurrida el 15 de junio. Incluso luego de aquella marcha, la titular de esa cartera Carolina Stanley anunci\u00f3 la revisi\u00f3n de los recortes y la restituci\u00f3n de miles de pensiones. Sin embargo, nada de eso ocurri\u00f3.<\/p>\n<p>La Direcci\u00f3n Nacional de Pensiones confirm\u00f3 que el Ministerio no restituy\u00f3 las pensiones quitadas sin previo aviso. Hubo entonces nuevos repudios de agrupaciones pol\u00edticas y de organizaciones no gubernamentales, inform\u00f3 el diario P\u00e1gina\/12.<\/p>\n<p>En la provincia de R\u00edo Negro, y por impulso del diputado Mart\u00edn Do\u00f1ate (FpV-PJ), la Justicia Federal con asiento en Viedma hizo lugar a un amparo colectivo presentado por los legisladores y dos ONG. A ellas se les dio la representatividad de 400 casos de personas discapacitadas que quedaron sin el beneficio.<\/p>\n<p>En su fallo, la jueza Mirta Filipuzzi destac\u00f3 la trascendencia social de los derechos colectivos afectados: \u201cLa afectaci\u00f3n de los beneficios de pensi\u00f3n no contributiva no encuentra sustento normativo alguno sino que responde a una v\u00eda de hecho\u201d, defini\u00f3 y orden\u00f3 al Gobierno a restablecer las pensiones.<\/p>\n<p>El Ejecutivo nacional no dio respuestas positivas a estas demandas ni a su propia iniciativa de \u201cdepurar el padr\u00f3n\u201d de beneficiarios. La misma suerte corri\u00f3 el amparo al que la jueza Pi\u00f1ero hizo lugar y que conminaba a la administraci\u00f3n de Cambiemos a reintegrar los poco m\u00e1s de 6 mil pesos de las personas que ya llevan m\u00e1s de tres meses sin cobrarlos.<\/p>\n<h6>Fuente: ADN<\/h6>\n","protected":false},"excerpt":{"rendered":"<p>El gobierno nacional apel\u00f3 la medida cautelar que la semana pasada lo hab\u00eda obligado a restituir las pensiones por invalidez que hab\u00eda quitado compulsivamente y sin previo aviso.<\/p>\n","protected":false},"author":2,"featured_media":65475,"comment_status":"closed","ping_status":"closed","sticky":false,"template":"","format":"standard","meta":{"footnotes":""},"categories":[8],"tags":[21],"class_list":["post-65474","post","type-post","status-publish","format-standard","has-post-thumbnail","hentry","category-informe-nacional","tag-argentina"],"_links":{"self":[{"href":"http:\/\/argentinamunicipal.com.ar\/argentina\/wp-json\/wp\/v2\/posts\/65474","targetHints":{"allow":["GET"]}}],"collection":[{"href":"http:\/\/argentinamunicipal.com.ar\/argentina\/wp-json\/wp\/v2\/posts"}],"about":[{"href":"http:\/\/argentinamunicipal.com.ar\/argentina\/wp-json\/wp\/v2\/types\/post"}],"author":[{"embeddable":true,"href":"http:\/\/argentinamunicipal.com.ar\/argentina\/wp-json\/wp\/v2\/users\/2"}],"replies":[{"embeddable":true,"href":"http:\/\/argentinamunicipal.com.ar\/argentina\/wp-json\/wp\/v2\/comments?post=65474"}],"version-history":[{"count":0,"href":"http:\/\/argentinamunicipal.com.ar\/argentina\/wp-json\/wp\/v2\/posts\/65474\/revisions"}],"wp:featuredmedia":[{"embeddable":true,"href":"http:\/\/argentinamunicipal.com.ar\/argentina\/wp-json\/wp\/v2\/media\/65475"}],"wp:attachment":[{"href":"http:\/\/argentinamunicipal.com.ar\/argentina\/wp-json\/wp\/v2\/media?parent=65474"}],"wp:term":[{"taxonomy":"category","embeddable":true,"href":"http:\/\/argentinamunicipal.com.ar\/argentina\/wp-json\/wp\/v2\/categories?post=65474"},{"taxonomy":"post_tag","embeddable":true,"href":"http:\/\/argentinamunicipal.com.ar\/argentina\/wp-json\/wp\/v2\/tags?post=65474"}],"curies":[{"name":"wp","href":"https:\/\/api.w.org\/{rel}","templated":true}]}}