{"id":65480,"date":"2017-07-17T08:21:09","date_gmt":"2017-07-17T11:21:09","guid":{"rendered":"http:\/\/argentinamunicipal.com.ar\/argentina\/?p=65480"},"modified":"2017-07-17T08:21:09","modified_gmt":"2017-07-17T11:21:09","slug":"las-pymes-gastan-impuestos-42-ciento-ventas","status":"publish","type":"post","link":"http:\/\/argentinamunicipal.com.ar\/argentina\/las-pymes-gastan-impuestos-42-ciento-ventas\/","title":{"rendered":"Las pymes gastan en impuestos el 42 por ciento de sus ventas"},"content":{"rendered":"<p>La entidad alert\u00f3 que \u00abla carga tributaria en la Argentina se volvi\u00f3 inviable en materia de competitividad\u00bb, que afecta a los precios finales de los productos y complica la situaci\u00f3n de peque\u00f1as y medianas industrias.<\/p>\n<p>La Confederaci\u00f3n Argentina de la Mediana Empresa (CAME) resalt\u00f3 que las pymes destinan en promedio el 42 por ciento de sus ingresos por ventas a pagar impuestos y que esos\u00a0gastos fijos tienen un correlato directo\u00a0en los precios al consumidor.<\/p>\n<p>\u00abLa incidencia final promedio de los impuestos sobre el precio definitivo de venta del producto es del 38 por ciento, pero hay sectores donde la influencia supera al 50 por ciento\u00bb, precis\u00f3 la entidad en base a las estimaciones de los empresarios consultados en el sondeo.<\/p>\n<p>El presidente de CAME, Fabi\u00e1n Tarr\u00edo, advirti\u00f3 que \u00abla carga tributaria en la Argentina se volvi\u00f3 inviable en materia de competitividad\u00bb.<\/p>\n<p>La CAME se\u00f1al\u00f3 que \u00ablas cifras que revelan los propietarios de pymes son bastante coincidentes con los an\u00e1lisis m\u00e1s meticulosos que se hacen al desagregar los valores de cada producto\u00bb. \u00abPor ejemplo, un ejercicio realizado para el sector de l\u00ednea blanca, revela que s\u00f3lo en la etapa de producci\u00f3n, hasta que el art\u00edculo sale de la f\u00e1brica, casi 30 por ciento del importe lo conforman los impuestos\u00bb, y a eso \u00abhay que sumarle los tributos de la etapa de distribuci\u00f3n y comercializaci\u00f3n final\u00bb, puntualiz\u00f3.<\/p>\n<p>En base al sondeo, la entidad destac\u00f3 que la carga tributaria \u00abfenomenal\u00bb del pa\u00eds\u00a0ocurre por la combinaci\u00f3n de tres factores: \u00abUn sector informal muy grande y en crecimiento; necesidades fiscales crecientes de provincias, municipios y del mismo gobierno nacional; y un sistema tributario que fue siendo emparchado a\u00f1o tras a\u00f1o, sin sentarse a planificar los primordiales principios y fundamentos de lo que se grava\u00bb.<\/p>\n<p>En cuanto a las necesidades fiscales crecientes tanto de provincias como del gobierno nacional, objet\u00f3 que \u00abfueron llevando a la suba de al\u00edcuotas y el agregado de nuevos aranceles\u00bb.<\/p>\n<h6>Fuente: P\u00e1gina 12<\/h6>\n","protected":false},"excerpt":{"rendered":"<p>La entidad alert\u00f3 que \u00abla carga tributaria en la Argentina se volvi\u00f3 inviable en materia de competitividad\u00bb, que afecta a los precios finales de los productos y complica la situaci\u00f3n de peque\u00f1as y medianas industrias.<\/p>\n","protected":false},"author":2,"featured_media":65481,"comment_status":"closed","ping_status":"closed","sticky":false,"template":"","format":"standard","meta":{"footnotes":""},"categories":[8],"tags":[21],"class_list":["post-65480","post","type-post","status-publish","format-standard","has-post-thumbnail","hentry","category-informe-nacional","tag-argentina"],"_links":{"self":[{"href":"http:\/\/argentinamunicipal.com.ar\/argentina\/wp-json\/wp\/v2\/posts\/65480","targetHints":{"allow":["GET"]}}],"collection":[{"href":"http:\/\/argentinamunicipal.com.ar\/argentina\/wp-json\/wp\/v2\/posts"}],"about":[{"href":"http:\/\/argentinamunicipal.com.ar\/argentina\/wp-json\/wp\/v2\/types\/post"}],"author":[{"embeddable":true,"href":"http:\/\/argentinamunicipal.com.ar\/argentina\/wp-json\/wp\/v2\/users\/2"}],"replies":[{"embeddable":true,"href":"http:\/\/argentinamunicipal.com.ar\/argentina\/wp-json\/wp\/v2\/comments?post=65480"}],"version-history":[{"count":0,"href":"http:\/\/argentinamunicipal.com.ar\/argentina\/wp-json\/wp\/v2\/posts\/65480\/revisions"}],"wp:featuredmedia":[{"embeddable":true,"href":"http:\/\/argentinamunicipal.com.ar\/argentina\/wp-json\/wp\/v2\/media\/65481"}],"wp:attachment":[{"href":"http:\/\/argentinamunicipal.com.ar\/argentina\/wp-json\/wp\/v2\/media?parent=65480"}],"wp:term":[{"taxonomy":"category","embeddable":true,"href":"http:\/\/argentinamunicipal.com.ar\/argentina\/wp-json\/wp\/v2\/categories?post=65480"},{"taxonomy":"post_tag","embeddable":true,"href":"http:\/\/argentinamunicipal.com.ar\/argentina\/wp-json\/wp\/v2\/tags?post=65480"}],"curies":[{"name":"wp","href":"https:\/\/api.w.org\/{rel}","templated":true}]}}