{"id":65501,"date":"2017-07-18T07:26:09","date_gmt":"2017-07-18T10:26:09","guid":{"rendered":"http:\/\/argentinamunicipal.com.ar\/argentina\/?p=65501"},"modified":"2017-07-18T07:26:09","modified_gmt":"2017-07-18T10:26:09","slug":"van-los-10-puntos-centrales-la-reforma-laboral-brasilena-macri-quiere-aplicar","status":"publish","type":"post","link":"http:\/\/argentinamunicipal.com.ar\/argentina\/van-los-10-puntos-centrales-la-reforma-laboral-brasilena-macri-quiere-aplicar\/","title":{"rendered":"Van por todo: los 10 puntos centrales de la reforma laboral brasile\u00f1a que Macri quiere aplicar"},"content":{"rendered":"<p>El ministro Triaca est\u00e1 al frente del proyecto, que busca volver a la flexibilizaci\u00f3n que el pa\u00eds instaur\u00f3 en la d\u00e9cada del 90.<\/p>\n<p>El gobierno de\u00a0Mauricio Macri sigue mirando con atenci\u00f3n lo que sucede en Brasil, pero para replicarlo en la Argentina. A d\u00edas de que el Congreso del pa\u00eds vecino aprobara una reforma laboral que incluye flexibilizaci\u00f3n a mansalva yjornadas de 12 horas, el ministro\u00a0Jorge Triaca\u00a0confes\u00f3 que el gabinete de Cambiemos estudia una reforma similar y la aplicar\u00eda despu\u00e9s de los comicios de octubre.<\/p>\n<p>El titular de la cartera de Trabajo admiti\u00f3 que es posible que en breve comience una discusi\u00f3n para avanzar en el tema, inspirados en el proyecto que en Brasil coron\u00f3 los intereses que representa el presidente de facto\u00a0Michel Temer.<\/p>\n<p>En di\u00e1logo con Radio con Vos, Triaca destac\u00f3 que la posibilidad de avance la reforma en Argentina \u00abva a depender de lo que los actores sociales est\u00e9n dispuestos a trabajar\u00bb, al tiempo que agreg\u00f3 que \u00abtanto el sector empresario como el de representaci\u00f3n sindical tienen que analizar ese proceso de producci\u00f3n con la madurez que requiere ese an\u00e1lisis\u00bb.<\/p>\n<p>Cuando Triaca se refiere a \u00abmadurez\u00bb habla de sus contactos en la CGT y los principales gremios del pa\u00eds, algunos de los cuales vienen avalando con la inacci\u00f3n los miles de despidos que se produjeron en todo el pa\u00eds desde diciembre de 2015.<\/p>\n<p>\u00abAlentamos a que haya una discusi\u00f3n sobre los procesos productivos. Tiene que ser un producto del consenso de los argentinos\u00bb, remarc\u00f3 el funcionario y agreg\u00f3: \u00abnosotros creemos que a partir de lo que resuelvan cada uno de los sectores avanzar\u00e1n en eso\u00bb.<\/p>\n<p>Los 10 puntos m\u00e1s perjudiciales de la reforma aprobada en Brasil y que quiere emular la Casa Rosada<\/p>\n<p>-Las mujeres ya no tienen 15 minutos de descanso antes de las horas extra.<\/p>\n<p>-Las vacaciones de los trabajadores ahora pueden ser divididas en tres tramos, seg\u00fan lo decida la patronal.<\/p>\n<p>-Se ampli\u00f3 la tercerizaci\u00f3n y una f\u00e1brica o empresa puede hacer que su actividad principal est\u00e9 tercerizada.<\/p>\n<p>-Se ampli\u00f3 la posibilidad de acuerdos individuales, entre ellos la posibilidad de extender la jornada laboral hasta las 12 horas y se reduce el intervalo intrajornada.<\/p>\n<p>-Se crearon nuevos tipos de contratos de trabajo, entre ellos el trabajo intermitente con el pago de salarios sobre una base horaria o por jornada, y no mensual.<\/p>\n<p>-Las empresas ahora tambi\u00e9n pueden forzar una negociaci\u00f3n de los horarios de almuerzo.<\/p>\n<p>-Se elimin\u00f3 la obligaci\u00f3n de negociar con los sindicatos los despidos masivos.<\/p>\n<p>-Se cre\u00f3 una comisi\u00f3n de representantes de los empleados para negociar directamente con la empresa, pasando por arriba a los sindicatos.<\/p>\n<p>-Los acuerdos alcanzados entre una empresa y un sindicato est\u00e1n por arriba de las leyes del pa\u00eds.<\/p>\n<p>-Se termin\u00f3 con\u00a0el pago de las horas de desplazamiento.<\/p>\n<h6>Fuente: InfoNews<\/h6>\n","protected":false},"excerpt":{"rendered":"<p>El ministro Triaca est\u00e1 al frente del proyecto, que busca volver a la flexibilizaci\u00f3n que el pa\u00eds instaur\u00f3 en la d\u00e9cada del 90.<\/p>\n","protected":false},"author":2,"featured_media":65502,"comment_status":"closed","ping_status":"closed","sticky":false,"template":"","format":"standard","meta":{"footnotes":""},"categories":[8],"tags":[21],"class_list":["post-65501","post","type-post","status-publish","format-standard","has-post-thumbnail","hentry","category-informe-nacional","tag-argentina"],"_links":{"self":[{"href":"http:\/\/argentinamunicipal.com.ar\/argentina\/wp-json\/wp\/v2\/posts\/65501","targetHints":{"allow":["GET"]}}],"collection":[{"href":"http:\/\/argentinamunicipal.com.ar\/argentina\/wp-json\/wp\/v2\/posts"}],"about":[{"href":"http:\/\/argentinamunicipal.com.ar\/argentina\/wp-json\/wp\/v2\/types\/post"}],"author":[{"embeddable":true,"href":"http:\/\/argentinamunicipal.com.ar\/argentina\/wp-json\/wp\/v2\/users\/2"}],"replies":[{"embeddable":true,"href":"http:\/\/argentinamunicipal.com.ar\/argentina\/wp-json\/wp\/v2\/comments?post=65501"}],"version-history":[{"count":0,"href":"http:\/\/argentinamunicipal.com.ar\/argentina\/wp-json\/wp\/v2\/posts\/65501\/revisions"}],"wp:featuredmedia":[{"embeddable":true,"href":"http:\/\/argentinamunicipal.com.ar\/argentina\/wp-json\/wp\/v2\/media\/65502"}],"wp:attachment":[{"href":"http:\/\/argentinamunicipal.com.ar\/argentina\/wp-json\/wp\/v2\/media?parent=65501"}],"wp:term":[{"taxonomy":"category","embeddable":true,"href":"http:\/\/argentinamunicipal.com.ar\/argentina\/wp-json\/wp\/v2\/categories?post=65501"},{"taxonomy":"post_tag","embeddable":true,"href":"http:\/\/argentinamunicipal.com.ar\/argentina\/wp-json\/wp\/v2\/tags?post=65501"}],"curies":[{"name":"wp","href":"https:\/\/api.w.org\/{rel}","templated":true}]}}