{"id":65510,"date":"2017-07-18T07:45:01","date_gmt":"2017-07-18T10:45:01","guid":{"rendered":"http:\/\/argentinamunicipal.com.ar\/argentina\/?p=65510"},"modified":"2017-07-18T07:45:01","modified_gmt":"2017-07-18T10:45:01","slug":"peor-reparto-lustro","status":"publish","type":"post","link":"http:\/\/argentinamunicipal.com.ar\/argentina\/peor-reparto-lustro\/","title":{"rendered":"El peor reparto en un lustro"},"content":{"rendered":"<p>La destrucci\u00f3n de empleo, la retracci\u00f3n del salario y la p\u00e9rdida de poder adquisitivo de jubilaciones y asignaciones afect\u00f3 especialmente a los sectores de menores ingresos, ampliando la brecha distributiva entre ricos y pobres.<\/p>\n<p>Los datos en materia de distribuci\u00f3n del ingreso son los peores de los \u00faltimos cinco a\u00f1os. Los investigadores del Centro Periferia estimaron que entre los primeros trimestres de 2015 y 2017 la brecha entre el 10 por ciento m\u00e1s rico y el 10 por ciento m\u00e1s pobre se ampli\u00f3 un 23 por ciento. La reducci\u00f3n en la porci\u00f3n de la torta que se apropian los sectores de menores recursos refleja el impacto de la destrucci\u00f3n de empleo industrial, la retracci\u00f3n en la capacidad de compra de los salarios, la p\u00e9rdida en el poder adquisitivo de las jubilaciones y la asignaci\u00f3n universal, las transformaciones en los modos de intervenci\u00f3n estatal durante los conflictos y el incipiente proceso de flexibilizaci\u00f3n laboral en algunos sectores.<\/p>\n<p>\u201cArgentina camina hacia la consolidaci\u00f3n de una peor distribuci\u00f3n del ingreso. Las dificultades para conseguir aumentos de salario por encima de la inflaci\u00f3n y la escasa creaci\u00f3n de empleo registrado presionan a que la distribuci\u00f3n del ingreso se deteriore\u201d, advierten los economistas Juan Goldman y Federico Pastrana. El Indec inform\u00f3 a finales de junio que la brecha entre el ingreso familiar promedio del diez por ciento de los hogares m\u00e1s pobres y el diez por ciento m\u00e1s rico lleg\u00f3 a 21,8 veces en el primer trimestre de 2017. El apag\u00f3n estad\u00edstico impide comparar los datos con el mismo per\u00edodo del a\u00f1o pasado pero, entre enero y marzo de 2015, la diferencia informada por el organismo hab\u00eda sido de 17,8 veces. A pesar de la imposibilidad para realizar comparaciones interanuales y el cuestionamiento a las cifras, los datos publicados a lo largo del a\u00f1o pasado dan cuenta del ensanchamiento en la brecha distributiva desde que asumi\u00f3 el gobierno de Mauricio Macri.<\/p>\n<p>\u201cLa aceleraci\u00f3n de la inflaci\u00f3n fue un factor que impuls\u00f3 al empeoramiento de la distribuci\u00f3n del ingreso dentro de los ocupados. En los estratos m\u00e1s bajos existe una proporci\u00f3n importante de asalariados no registrados y trabajadores independientes no profesionales que tienen grandes dificultades para protegerse frente a los aumentos de precios, por ejemplo, por la inexistencia de negociaciones colectivas que lleven a reclamos de una compensaci\u00f3n salarial\u201d, explican los investigadores del Centro Periferia. El \u00faltimo informe del Indec mostr\u00f3 que entre el decil m\u00e1s pobre de los asalariados, el 87 por ciento son trabajadores precarizados mientras que entre el segmento m\u00e1s rico el dato llega al 6 por ciento. \u201cDentro de los asalariados m\u00e1s pobres, la gran mayor\u00eda son no registrados mientras que en los m\u00e1s ricos son pr\u00e1cticamente todos registrados, lo cual explica la brecha de ingresos entre ambos grupos: el salario promedio de los no registrados de 6900 pesos es menos de la mitad del de los registrados de 15.500 pesos\u201d, indicaron Goldman y Pastrana.<\/p>\n<p>Los economistas advirtieron adem\u00e1s que la mayor inflaci\u00f3n tambi\u00e9n impact\u00f3 en los ingresos no laborales de los hogares como las jubilaciones, las pensiones y la AUH. \u201cUn deterioro de estos ingresos lleva a que los deciles m\u00e1s bajos cobren menos y empeore la distribuci\u00f3n. En el primer trimestre el poder adquisitivo de la AUH y las jubilaciones cay\u00f3 3,4 por ciento en comparaci\u00f3n con el mismo per\u00edodo del a\u00f1o pasado\u201d, sostienen al referir que el impacto del cambio en el modelo econ\u00f3mico sobre las condiciones de vida de los hogares no afect\u00f3 a todos por igual: los m\u00e1s perjudicados fueron los de menores ingresos lo que ensanch\u00f3 la brecha distributiva.<\/p>\n<h6>Fuente: P\u00e1gina 12<\/h6>\n","protected":false},"excerpt":{"rendered":"<p>La destrucci\u00f3n de empleo, la retracci\u00f3n del salario y la p\u00e9rdida de poder adquisitivo de jubilaciones y asignaciones afect\u00f3 especialmente a los sectores de menores ingresos, ampliando la brecha distributiva entre ricos y pobres.<\/p>\n","protected":false},"author":2,"featured_media":65511,"comment_status":"closed","ping_status":"closed","sticky":false,"template":"","format":"standard","meta":{"footnotes":""},"categories":[8],"tags":[21],"class_list":["post-65510","post","type-post","status-publish","format-standard","has-post-thumbnail","hentry","category-informe-nacional","tag-argentina"],"_links":{"self":[{"href":"http:\/\/argentinamunicipal.com.ar\/argentina\/wp-json\/wp\/v2\/posts\/65510","targetHints":{"allow":["GET"]}}],"collection":[{"href":"http:\/\/argentinamunicipal.com.ar\/argentina\/wp-json\/wp\/v2\/posts"}],"about":[{"href":"http:\/\/argentinamunicipal.com.ar\/argentina\/wp-json\/wp\/v2\/types\/post"}],"author":[{"embeddable":true,"href":"http:\/\/argentinamunicipal.com.ar\/argentina\/wp-json\/wp\/v2\/users\/2"}],"replies":[{"embeddable":true,"href":"http:\/\/argentinamunicipal.com.ar\/argentina\/wp-json\/wp\/v2\/comments?post=65510"}],"version-history":[{"count":0,"href":"http:\/\/argentinamunicipal.com.ar\/argentina\/wp-json\/wp\/v2\/posts\/65510\/revisions"}],"wp:featuredmedia":[{"embeddable":true,"href":"http:\/\/argentinamunicipal.com.ar\/argentina\/wp-json\/wp\/v2\/media\/65511"}],"wp:attachment":[{"href":"http:\/\/argentinamunicipal.com.ar\/argentina\/wp-json\/wp\/v2\/media?parent=65510"}],"wp:term":[{"taxonomy":"category","embeddable":true,"href":"http:\/\/argentinamunicipal.com.ar\/argentina\/wp-json\/wp\/v2\/categories?post=65510"},{"taxonomy":"post_tag","embeddable":true,"href":"http:\/\/argentinamunicipal.com.ar\/argentina\/wp-json\/wp\/v2\/tags?post=65510"}],"curies":[{"name":"wp","href":"https:\/\/api.w.org\/{rel}","templated":true}]}}