{"id":65528,"date":"2017-07-18T06:15:32","date_gmt":"2017-07-18T09:15:32","guid":{"rendered":"http:\/\/argentinamunicipal.com.ar\/argentina\/?p=65528"},"modified":"2017-07-18T08:19:24","modified_gmt":"2017-07-18T11:19:24","slug":"santa-fe-ciudad-creativa-se-consolida-polo-diseno","status":"publish","type":"post","link":"http:\/\/argentinamunicipal.com.ar\/argentina\/santa-fe-ciudad-creativa-se-consolida-polo-diseno\/","title":{"rendered":"Santa Fe Ciudad Creativa se consolida como Polo de Dise\u00f1o"},"content":{"rendered":"<p>En el marco de la Semana del Dise\u00f1o, el intendente Jos\u00e9 Corral, junto al subsecretario de Econom\u00eda Creativa del Ministerio de Cultura de la Naci\u00f3n, Andr\u00e9s Gribnicow, e integrantes de Barcelona Centro de Dise\u00f1o, brindaron detalles acerca de los avances del Plan<\/p>\n<p>En el marco de la Semana del Dise\u00f1o, el intendente Jos\u00e9 Corral, junto al subsecretario de Econom\u00eda Creativa del Ministerio de Cultura de la Naci\u00f3n, Andr\u00e9s Gribnicow, e integrantes de Barcelona Centro de Dise\u00f1o, brindaron detalles acerca de los avances del Plan de Fortalecimiento para las industrias creativas, que se desarrolla con fondos del Programa AL-Invest 5.0, y de la reciente designaci\u00f3n de Santa Fe como uno de los ocho nodos regionales de la Red de Ciudades Creativas (RCC). El encuentro tuvo lugar en el Molino Marconetti.<\/p>\n<p>Esta tarde, en el marco de la Semana del Dise\u00f1o, se dieron cita el Intendente Jos\u00e9 Corral y el subsecretario de Econom\u00eda Creativa del Ministerio de Cultura de la Naci\u00f3n, Andr\u00e9s Gribnicow, junto a Eugenia Mart\u00ed y Alba Obiols, representantes del Barcelona Centro de Dise\u00f1o (BCD), en el renovado Molino Marconetti. El objetivo del encuentro fue compartir detalles acerca de los avances del Plan de Fortalecimiento para las industrias creativas, que se desarrolla con fondos del Programa AL-Invest 5.0 y junto al BCD y la Uni\u00f3n Industrial de Santa Fe (UISF) como socios estrat\u00e9gicos; y celebrar la designaci\u00f3n de Santa Fe como uno de los ocho nodos regionales de la Red de Ciudades Creativas.<\/p>\n<p>Tambi\u00e9n formaron parte de la actividad el secretario General del Gobierno de la Ciudad, Carlos Pereira; la secretaria de Cultura, Patricia Pieragostini; la secretaria de Comunicaci\u00f3n y Desarrollo Estrat\u00e9gico, Andrea Valsagna; el vicepresidente de la UISF, Marcelo Morilla; la concejala Adriana Molina, representantes de la Facultad de Arquitectura, Dise\u00f1o y Urbanismo de la Universidad Nacional del Litoral y de Expresiva; junto a dise\u00f1adores y emprendedores de la ciudad.<\/p>\n<p>Econom\u00edas creativas<\/p>\n<p>Cabe recordar que Santa Fe fue designada recientemente como nodo de la Red de Ciudades Creativas (RCC), integrada por 46 municipios, y definida por el Ministerio de Cultura de la Naci\u00f3n como \u00abuna herramienta de fortalecimiento a los ecosistemas creativos municipales a trav\u00e9s de la promoci\u00f3n sectorial de las Industrias creativas, y el trabajo colaborativo entre las ciudades. En referencia al hecho, el Intendente Jos\u00e9 Corral destac\u00f3 que \u00aben Santa Fe tenemos un potencial enorme, que es una realidad con el proyecto Dise\u00f1a Santa Fe, pero hay mucho para crecer y por trabajar y estamos muy agradecidos por el apoyo del gobierno nacional\u00bb.<\/p>\n<p>Luego, en relaci\u00f3n al Encuentro Federal de Dise\u00f1o, que tendr\u00e1 sede en nuestra ciudad y se desarrollar\u00e1 este mi\u00e9rcoles y jueves; y a la visita de las representantes del Barcelona Centro de Dise\u00f1o, que forma parte de las acciones previstas desde el Plan de Fortalecimiento para las industrias creativas, Corral se expres\u00f3 diciendo que \u00abla econom\u00eda en el mundo no tiene s\u00f3lo que ver con los recursos humanos y el capital, sino que tambi\u00e9n con la inteligencia y la capacidad de crear de las personas. Tenemos mucho para aprender y este encuentro va a ser motivo de intercambio con otras experiencias, casos como el de Barcelona Centro de Dise\u00f1o, con un desarrollo reconocido en el mundo. Estamos hablando de mejorar la ciudad el futuro, de las posibilidades de desarrollo econ\u00f3mico y de empleo, porque estas industrias tambi\u00e9n generan empleo y valor agregado\u00bb.<\/p>\n<p>Por \u00faltimo, el Intendente anunci\u00f3: \u00abque el Liceo Municipal se haya trasladado aqu\u00ed liber\u00f3 un edificio, que era el viejo Banco Municipal, y con el secretario General, Carlos Pereira, estamos trabajando en un proyecto inspirado en Barcelona activa. Pensamos en darle lugar a las nuevas empresas, que tendr\u00e1n que ver con las tecnolog\u00edas de la innovaci\u00f3n y la comunicaci\u00f3n y con diferentes disciplinas, y por supuesto que todas van a tener que ver con la creatividad y el dise\u00f1o\u00bb.<\/p>\n<p>Santa Fe ciudad creativa<\/p>\n<p>Por su parte, Andr\u00e9s Gribnicow afirm\u00f3 que \u00abSanta Fe es muy particular porque ha entendido muy bien esta idea de que la creatividad genera valor agregado, y como casi nadie ha entendido que el dise\u00f1o -particularmente- puede generar m\u00e1s oportunidades\u00bb, y explic\u00f3 que \u00abla Red de Ciudades Creativas implica por un lado un reconocimiento a una pol\u00edtica p\u00fablica orientada a entender que la cultura y la creatividad, adem\u00e1s de mover ideas, costumbres, historias, contenidos, tambi\u00e9n puede ser una herramienta para el desarrollo productivo de la ciudad, y generadora de nuevos puestos de trabajo. La segunda parte es un trabajo en conjunto, con distintas herramientas que tienen que ver con el mapeo de lo que llamamos ecosistema creativo\u00bb.<\/p>\n<p>Identificando a los distintos actores del conglomerado de las econom\u00edas culturales y creativas, afirm\u00f3 Gribnicow, \u00ablogramos generar m\u00e1s oportunidades para los creativos de la ciudad, artistas, productores y empresarios, y un faro para que otros miren a Santa Fe, porque van a poder encontrar un medioambiente adecuado con m\u00e1s oportunidades laborales\u00bb. El trabajo dentro de la Red incluir\u00e1, seg\u00fan afirm\u00f3 el funcionario nacional, \u00abdistintas plataformas, el turismo cultural, con la gastronom\u00eda, los distintos mercados como el de dise\u00f1o y de la m\u00fasica, para comercializar, coproducir y generar alianzas estrat\u00e9gicas y capacitaciones\u00bb.<\/p>\n<p>Barcelona Centro de Dise\u00f1o<\/p>\n<p>Por su parte, Eugenia Mart\u00ed, directora de Innovaci\u00f3n y Negocios del BCD, puso \u00e9nfasis en que \u00abel dise\u00f1o es un factor que ayuda a un regi\u00f3n o un pa\u00eds a ser m\u00e1s competitivo y a mejorar la calidad de vida de las personas\u00bb, y explic\u00f3 que para ello se busca \u00abconseguir que cada vez m\u00e1s las empresas integren el dise\u00f1o, al profesional y al talento creativo, porque es importante poner en valor que el sector de las artes y de los dise\u00f1adores mueve mucho dinero en todas las econom\u00edas del mundo\u00bb.<\/p>\n<p>En tanto, Alba Obiols, directora de Project Managment en el BCD, destac\u00f3 que \u00abno es s\u00f3lo importante sensibilizar a quienes ya trabajan en dise\u00f1o, si no a los ciudadanos, la industria y los emprendedores, porque creemos que Santa Fe tiene los ingredientes para que de aqu\u00ed a cinco o diez a\u00f1os pueda ser un Polo de atracci\u00f3n que atraiga el profesional y a los distintos sectores de las industrias y del dise\u00f1o, y que pueda retener el talento y la competitividad\u00bb. Vale destacar en este sentido que luego de la conferencia, la jornada continu\u00f3 en el Molino Marconetti con una reuni\u00f3n para constituir el Cl\u00faster de Dise\u00f1o, con la participaci\u00f3n de Mart\u00ed y Obiols junto a representantes del Gobierno de la Ciudad, la Uni\u00f3n Industrial, FADU UNL, la C\u00e1mara de Comercio, Expresiva, incubadora de emprendimientos culturales; dise\u00f1adores y emprendedores.<\/p>\n<p>Programa AL-Invest 5.0<\/p>\n<p>Vale recordar que el Plan de Fortalecimiento para las industrias creativas del sector del dise\u00f1o, que se desarrolla actualmente con fondos del Programa AL-Invest 5.0 \u00abUn crecimiento integrador para la cohesi\u00f3n en Am\u00e9rica Latina\u00bb, se trata de uno de los proyectos de cooperaci\u00f3n internacional m\u00e1s importantes de la Comisi\u00f3n Europea en Latinoam\u00e9rica, que fue concursado por la Agencia de Cooperaci\u00f3n, Inversiones y Comercio Exterior de la Municipalidad de Santa Fe. Son en total 424.685 euros, entre el aporte de la Uni\u00f3n Europea y del Municipio, los que se destinan a desarrollar entre 2017 y 2018, un plan integral que buscar\u00e1 mejorar la productividad de las micro, peque\u00f1as y medianas empresas (Mi-Pymes) de la industria del dise\u00f1o de la ciudad y la regi\u00f3n, y el desarrollo de organizaciones intermedias que act\u00faan en el sector.<\/p>\n<h6>Fuente:\u00a0Sin Mordaza<\/h6>\n","protected":false},"excerpt":{"rendered":"<p>En el marco de la Semana del Dise\u00f1o, el intendente Jos\u00e9 Corral, junto al subsecretario de Econom\u00eda Creativa del Ministerio de Cultura de la Naci\u00f3n, Andr\u00e9s Gribnicow, e integrantes de Barcelona Centro de Dise\u00f1o, brindaron detalles acerca de los avances del Plan<\/p>\n","protected":false},"author":2,"featured_media":65529,"comment_status":"closed","ping_status":"closed","sticky":false,"template":"","format":"standard","meta":{"footnotes":""},"categories":[2],"tags":[10],"class_list":["post-65528","post","type-post","status-publish","format-standard","has-post-thumbnail","hentry","category-informe-municipal","tag-santa-fe"],"_links":{"self":[{"href":"http:\/\/argentinamunicipal.com.ar\/argentina\/wp-json\/wp\/v2\/posts\/65528","targetHints":{"allow":["GET"]}}],"collection":[{"href":"http:\/\/argentinamunicipal.com.ar\/argentina\/wp-json\/wp\/v2\/posts"}],"about":[{"href":"http:\/\/argentinamunicipal.com.ar\/argentina\/wp-json\/wp\/v2\/types\/post"}],"author":[{"embeddable":true,"href":"http:\/\/argentinamunicipal.com.ar\/argentina\/wp-json\/wp\/v2\/users\/2"}],"replies":[{"embeddable":true,"href":"http:\/\/argentinamunicipal.com.ar\/argentina\/wp-json\/wp\/v2\/comments?post=65528"}],"version-history":[{"count":0,"href":"http:\/\/argentinamunicipal.com.ar\/argentina\/wp-json\/wp\/v2\/posts\/65528\/revisions"}],"wp:featuredmedia":[{"embeddable":true,"href":"http:\/\/argentinamunicipal.com.ar\/argentina\/wp-json\/wp\/v2\/media\/65529"}],"wp:attachment":[{"href":"http:\/\/argentinamunicipal.com.ar\/argentina\/wp-json\/wp\/v2\/media?parent=65528"}],"wp:term":[{"taxonomy":"category","embeddable":true,"href":"http:\/\/argentinamunicipal.com.ar\/argentina\/wp-json\/wp\/v2\/categories?post=65528"},{"taxonomy":"post_tag","embeddable":true,"href":"http:\/\/argentinamunicipal.com.ar\/argentina\/wp-json\/wp\/v2\/tags?post=65528"}],"curies":[{"name":"wp","href":"https:\/\/api.w.org\/{rel}","templated":true}]}}