{"id":65547,"date":"2017-07-19T06:47:20","date_gmt":"2017-07-19T09:47:20","guid":{"rendered":"http:\/\/argentinamunicipal.com.ar\/argentina\/?p=65547"},"modified":"2017-07-19T06:47:20","modified_gmt":"2017-07-19T09:47:20","slug":"bajas-auh-la-defensoria-pide-explicaciones-anses-exige-evitar-desamparo-jovenes-ninos","status":"publish","type":"post","link":"http:\/\/argentinamunicipal.com.ar\/argentina\/bajas-auh-la-defensoria-pide-explicaciones-anses-exige-evitar-desamparo-jovenes-ninos\/","title":{"rendered":"Bajas en AUH: La Defensor\u00eda pide explicaciones a Anses y exige evitar \u201cdesamparo en j\u00f3venes y ni\u00f1os\u201d"},"content":{"rendered":"<p>La Defensor\u00eda del Pueblo de la provincia de Buenos Aires le solicit\u00f3 al organismo nacional informaci\u00f3n por las m\u00e1s de 200 mil bajas denunciadas de beneficiarios de la Asignaci\u00f3n Universal por Hijo. \u201cNo podemos dejar de preocuparnos por los beneficios que perciben los sectores m\u00e1s vulnerables\u201d, indicaron.<\/p>\n<p>El Defensor del Pueblo Adjunto General, Walter Martello, manifest\u00f3 que \u201cen esta etapa de retracci\u00f3n econ\u00f3mica no podemos dejar de preocuparnos por los beneficios que perciben los sectores m\u00e1s vulnerables, adem\u00e1s del inter\u00e9s superior del ni\u00f1o sobre cuestiones administrativas\u201d, se\u00f1al\u00f3<\/p>\n<p>El reclamo de Defensor\u00eda surge tras conocerse p\u00fablicamente que el gobierno nacional que dirige Mauricio Macri dio de baja 231.542 asignaciones universales por hijo en los \u00faltimos meses. En enero los beneficiarios eran 3.980.755 y en marzo esa cifra cay\u00f3 a 3.749.213.<\/p>\n<p>Las bajas, explicaron desde el Centro de Econom\u00eda Pol\u00edtica Argentina (CEPA), est\u00e1n relacionadas con incumplimientos en la presentaci\u00f3n de la documentaci\u00f3n necesaria para conservar este derecho. El informe de esta entidad detalla adem\u00e1s que este desenlace se produjo porque en los \u00faltimos dos a\u00f1os cerca del 20 por ciento de los estudiantes dejaron el secundario por la p\u00e9rdida del poder adquisitivo en sus familias.<\/p>\n<p>En ese aspecto, Martello se\u00f1al\u00f3 que ante estas decisiones se debe tener \u201cuna pol\u00edtica alternativa que evite mayor desamparo en j\u00f3venes y ni\u00f1os\u201d.<\/p>\n<p>El pedido de Defensor\u00eda marca tambi\u00e9n que las bajas ensombrecen el avance que promovi\u00f3 el Gobierno nacional al sumar a hijos de monotributistas en la AUH.<\/p>\n<h6>Fuente: infoCielo<\/h6>\n","protected":false},"excerpt":{"rendered":"<p>La Defensor\u00eda del Pueblo de la provincia de Buenos Aires le solicit\u00f3 al organismo nacional informaci\u00f3n por las m\u00e1s de 200 mil bajas denunciadas de beneficiarios de la Asignaci\u00f3n Universal por Hijo. <\/p>\n","protected":false},"author":2,"featured_media":65548,"comment_status":"closed","ping_status":"closed","sticky":false,"template":"","format":"standard","meta":{"footnotes":""},"categories":[8],"tags":[21],"class_list":["post-65547","post","type-post","status-publish","format-standard","has-post-thumbnail","hentry","category-informe-nacional","tag-argentina"],"_links":{"self":[{"href":"http:\/\/argentinamunicipal.com.ar\/argentina\/wp-json\/wp\/v2\/posts\/65547","targetHints":{"allow":["GET"]}}],"collection":[{"href":"http:\/\/argentinamunicipal.com.ar\/argentina\/wp-json\/wp\/v2\/posts"}],"about":[{"href":"http:\/\/argentinamunicipal.com.ar\/argentina\/wp-json\/wp\/v2\/types\/post"}],"author":[{"embeddable":true,"href":"http:\/\/argentinamunicipal.com.ar\/argentina\/wp-json\/wp\/v2\/users\/2"}],"replies":[{"embeddable":true,"href":"http:\/\/argentinamunicipal.com.ar\/argentina\/wp-json\/wp\/v2\/comments?post=65547"}],"version-history":[{"count":0,"href":"http:\/\/argentinamunicipal.com.ar\/argentina\/wp-json\/wp\/v2\/posts\/65547\/revisions"}],"wp:featuredmedia":[{"embeddable":true,"href":"http:\/\/argentinamunicipal.com.ar\/argentina\/wp-json\/wp\/v2\/media\/65548"}],"wp:attachment":[{"href":"http:\/\/argentinamunicipal.com.ar\/argentina\/wp-json\/wp\/v2\/media?parent=65547"}],"wp:term":[{"taxonomy":"category","embeddable":true,"href":"http:\/\/argentinamunicipal.com.ar\/argentina\/wp-json\/wp\/v2\/categories?post=65547"},{"taxonomy":"post_tag","embeddable":true,"href":"http:\/\/argentinamunicipal.com.ar\/argentina\/wp-json\/wp\/v2\/tags?post=65547"}],"curies":[{"name":"wp","href":"https:\/\/api.w.org\/{rel}","templated":true}]}}