{"id":65559,"date":"2017-07-19T07:06:07","date_gmt":"2017-07-19T10:06:07","guid":{"rendered":"http:\/\/argentinamunicipal.com.ar\/argentina\/?p=65559"},"modified":"2017-07-19T07:06:07","modified_gmt":"2017-07-19T10:06:07","slug":"los-despidos-la-represion","status":"publish","type":"post","link":"http:\/\/argentinamunicipal.com.ar\/argentina\/los-despidos-la-represion\/","title":{"rendered":"Contra los despidos y la represi\u00f3n"},"content":{"rendered":"<p>Con la participaci\u00f3n de organizaciones sociales, sindicales, pol\u00edticas y de derechos humanos, la marcha se realiz\u00f3 desde el Obelisco hasta el Congreso, donde los trabajadores instalaron una carpa para reclamar su reincorporaci\u00f3n.<\/p>\n<p>\u201cRepudio la actitud represiva del Gobierno, es una provocaci\u00f3n al pueblo. La mejor herramienta que tenemos es la calle para rechazarla, por eso hoy somos miles apoyando no a los trabajadores de Pepsico sino a todos los despedidos d\u00eda por d\u00eda.\u201d Precisa y al punto, Nora Corti\u00f1as, integrante de Madres de Plaza de Mayo, defin\u00eda la motivaci\u00f3n de la multitudinaria marcha de ayer por la reincorporaci\u00f3n de las obreras y los obreros de la planta que la multinacional de bebidas y saladitos cerr\u00f3 el 20 de junio en Florida. Desde el Obelisco se movilizaron por el centro porte\u00f1o hasta Plaza Congreso, donde hubo un acto frente a unas 20 mil personas. Luego de la feroz represi\u00f3n del jueves pasado, ordenada por el gobierno de Mauricio Macri para desalojar la ocupaci\u00f3n de la f\u00e1brica, los manifestantes circularon sin choques con la polic\u00eda. Participaron numerosas organizaciones y personalidades sindicales, pol\u00edticas, de derechos humanos y estudiantiles, as\u00ed como partidos de izquierda y agrupaciones kirchneristas, junto a los organismos nucleados en el Encuentro Memoria Verdad y Justicia y el colectivo Ni Una Menos, entre otros. Hubo expresiones de apoyo tambi\u00e9n en Rosario, Neuqu\u00e9n y Tucum\u00e1n.<\/p>\n<p>Aunque predominaron las columnas de las organizaciones tambi\u00e9n se sum\u00f3 gente sin alineamiento alguno. Estuvieron los dirigentes del Frente de Izquierda que vienen acompa\u00f1ando el conflicto y enfrentaron junto a los trabajadores la represi\u00f3n: Nicol\u00e1s del Ca\u00f1o, Myriam Bregman, Christian Castillo, Juan Carlos Giordano y Patricio del Corro, adem\u00e1s de Marcelo Ramal y Gabriel Solano, Soledad Sosa y N\u00e9stor Pitrola, junto a los diputados Miguel Funes y Luc\u00eda Portos, del Frente para la Victoria, y referentes del Frente Milagro Sala, Nuevo Encuentro y Peronismo Militante.<\/p>\n<p>Al palco montado en la esquina de Callao y Mitre, enmarcado con enormes banderas de la agrupaci\u00f3n Bord\u00f3 Leonardo Norniella, a la que pertenece la comisi\u00f3n interna de esta empresa y los trabajadores que rechazaron el acuerdo indemnizatorio pactado por el Sindicato de la Alimentaci\u00f3n y el Ministerio de Trabajo, subieron empleados despedidos de otras compa\u00f1\u00edas y contaron sus historias. \u201cVamos a acampar, como hicieron los docentes, para hacer bien visible nuestro reclamo de reapertura de la planta y recibir donaciones para el fondo de lucha, la \u00faltima quincena fue la \u00faltima que cobramos, es tan injusto, pero estamos dando una lucha importante, la empresa se la llev\u00f3 en pala y nos dej\u00f3 en la calle\u201d, dijo Andrea Guti\u00e9rrez.<\/p>\n<p>Con la enorme bandera \u201cEn Pepsico reincorporaci\u00f3n ya\u201d, encabezaron la marcha Corti\u00f1as; Pablo Micheli y Hugo Yasky, de la CTA; Roberto Baradel, del Suteba; Marcelo \u201cNono\u201d Frondizi, de ATE; Claudio Mar\u00edn y Carlos Artacho, de Foetra (telef\u00f3nicos); Beto Pianelli y Claudio Dellecarbonara, de la Agtsyp (subte); la Corriente Federal de la CGT, Curtidores, la FUBA y centros de estudiantes de la UBA, la Coordinadora de Estudiantes de Base, centros de estudiantes secundarios y terciarios, delegados y trabajadores de la L\u00ednea 60 en lucha, miembros de la comisi\u00f3n directiva y trabajadores del Sutna (neum\u00e1tico), Rub\u00e9n \u201cPollo\u201d Sobrero y M\u00f3nica Schlotthauer, de ferroviarios; Oscar de Isasi, de ATE provincia de Buenos Aires; Hugo \u201cCachorro\u201d Godoy, de CTA Per\u00f3n; dirigentes del SiPreBA, Ileana Celotto de AGD-UBA, docentes universitarios de Tucum\u00e1n, trabajadores de Madygraf (ex Donnelley), Indec y Desarrollo Social.<\/p>\n<p>Mar\u00eda Victoria Moyano y Alejandrina Barry, hijas de desaparecidos que subieron a la terraza de Pepsico junto a las obreras durante la ocupaci\u00f3n, marcharon con Carla Lacorte, todas integrantes del CeProDH, junto a dirigentes de la Universidad de Madres de Plaza de Mayo, Barrios de Pie, Polo Obrero, CCC, CTEP, MP La Dignidad, MTR, Cien Fuegos, Agust\u00edn Tosco, Le\u00f3n Piasek y miembros de la Asociaci\u00f3n de Abogados Laboralistas. Adem\u00e1s, adhirieron Abuelas de Plaza de Mayo, APDH, Mesa nacional de la CTA de los Argentinos; Comisi\u00f3n Interna de Bimbo; CTA de los Trabajadores; ATE Capital; ATE nacional y provincia de Buenos Aires; CTA Aut\u00f3noma nacional y provincial; UTE; Agtsyp (metrodelegados); Frente Telef\u00f3nico de Foetra; Laura Ginsberg y Pablo Gitter, de Apemia, y un centenar de agrupaciones m\u00e1s.<\/p>\n<h6>Fuente: P\u00e1gina 12<\/h6>\n","protected":false},"excerpt":{"rendered":"<p>Con la participaci\u00f3n de organizaciones sociales, sindicales, pol\u00edticas y de derechos humanos, la marcha se realiz\u00f3 desde el Obelisco hasta el Congreso, donde los trabajadores instalaron una carpa para reclamar su reincorporaci\u00f3n.<\/p>\n","protected":false},"author":2,"featured_media":65560,"comment_status":"closed","ping_status":"closed","sticky":false,"template":"","format":"standard","meta":{"footnotes":""},"categories":[8],"tags":[21],"class_list":["post-65559","post","type-post","status-publish","format-standard","has-post-thumbnail","hentry","category-informe-nacional","tag-argentina"],"_links":{"self":[{"href":"http:\/\/argentinamunicipal.com.ar\/argentina\/wp-json\/wp\/v2\/posts\/65559","targetHints":{"allow":["GET"]}}],"collection":[{"href":"http:\/\/argentinamunicipal.com.ar\/argentina\/wp-json\/wp\/v2\/posts"}],"about":[{"href":"http:\/\/argentinamunicipal.com.ar\/argentina\/wp-json\/wp\/v2\/types\/post"}],"author":[{"embeddable":true,"href":"http:\/\/argentinamunicipal.com.ar\/argentina\/wp-json\/wp\/v2\/users\/2"}],"replies":[{"embeddable":true,"href":"http:\/\/argentinamunicipal.com.ar\/argentina\/wp-json\/wp\/v2\/comments?post=65559"}],"version-history":[{"count":0,"href":"http:\/\/argentinamunicipal.com.ar\/argentina\/wp-json\/wp\/v2\/posts\/65559\/revisions"}],"wp:featuredmedia":[{"embeddable":true,"href":"http:\/\/argentinamunicipal.com.ar\/argentina\/wp-json\/wp\/v2\/media\/65560"}],"wp:attachment":[{"href":"http:\/\/argentinamunicipal.com.ar\/argentina\/wp-json\/wp\/v2\/media?parent=65559"}],"wp:term":[{"taxonomy":"category","embeddable":true,"href":"http:\/\/argentinamunicipal.com.ar\/argentina\/wp-json\/wp\/v2\/categories?post=65559"},{"taxonomy":"post_tag","embeddable":true,"href":"http:\/\/argentinamunicipal.com.ar\/argentina\/wp-json\/wp\/v2\/tags?post=65559"}],"curies":[{"name":"wp","href":"https:\/\/api.w.org\/{rel}","templated":true}]}}