{"id":65568,"date":"2017-07-19T07:20:18","date_gmt":"2017-07-19T10:20:18","guid":{"rendered":"http:\/\/argentinamunicipal.com.ar\/argentina\/?p=65568"},"modified":"2017-07-19T07:20:18","modified_gmt":"2017-07-19T10:20:18","slug":"lifschitz-sumo-apoyo-politico-la-deuda-la-nacion-santa-fe","status":"publish","type":"post","link":"http:\/\/argentinamunicipal.com.ar\/argentina\/lifschitz-sumo-apoyo-politico-la-deuda-la-nacion-santa-fe\/","title":{"rendered":"Lifschitz sum\u00f3 apoyo pol\u00edtico por la deuda de la Naci\u00f3n con Santa Fe"},"content":{"rendered":"<p>El gobernador oficializ\u00f3 la propuesta para que la Naci\u00f3n pague los casi 50 mil millones que le debe a la provincia. Incluye pagos en efectivo y en bonos<\/p>\n<p>Lograr que el acto m\u00e1s pol\u00edtico en mucho tiempo no se impregnara de tufillo electoralista en plena campa\u00f1a por las Paso de un mes a esta parte que, encima, cuyos protagonistas son los mismos en ambos casos, fue un desafi\u00f3 audaz. M\u00e1s all\u00e1 de todo que se hubiere acordado previamente con la Casa Rosada, al gobierno santafesino fue una puesta en escena que le sali\u00f3 impecable, ce\u00f1ida a lo meramente institucional. Al fin y al cabo el acreedor tendi\u00f3 la mano al deudor ofreci\u00e9ndole facilidades para saldar los 50 mil millones que la Justicia ha dictaminado que la Naci\u00f3n le debe a la provincia de Santa Fe. \u00abLo que se discute ac\u00e1 es federalismo\u00bb, fue el tono \u00e9pico que le dio, exultante, el gobernador Miguel Lifschitz, al hablar ante la masiva concurrencia.El conveniente plan que la Casa Gris le acerc\u00f3 al tesoro central consiste en que la provincia reciba entre 2018 y 2019, 15 mil millones en 24 cuotas (es decir, a raz\u00f3n de 625 millones mensuales). Por los restantes 34.840 millones se aceptar\u00eda su cancelaci\u00f3n en t\u00edtulos p\u00fablicos nacionales.<\/p>\n<p>Presumir que el equipo econ\u00f3mico santafesino se arriesg\u00f3 a hacer p\u00fablica la oferta sin haberla comunicado con su par nacional o al menos sondeado la opini\u00f3n de sus integrantes exponiendo al gobernador al rid\u00edculo de un acto de alta pompa para recibir un desaire no entra en ning\u00fan c\u00e1lculo serio. No obstante, lo que Lifschitz busc\u00f3 ayer fue hacer una manifestaci\u00f3n de fuerza y meter presi\u00f3n a Mauricio Macri.<\/p>\n<p>Por esta misma raz\u00f3n tambi\u00e9n se podr\u00eda pensar que fue casi perfecta convocatoria que tuvo la reuni\u00f3n realizada ayer cerca del mediod\u00eda en el Centro Cultural Provincial de la capital provincial (con capacidad de 700 butacas que fueron colmadas) y que tan notoriamente contribuyera a darle el sino exitoso que buscaron las autoridades.<\/p>\n<p>Fue la presencia de una buena representaci\u00f3n de la oposici\u00f3n partidaria la que legitim\u00f3 la oferta como en su momento y, ayer se encarg\u00f3 Lifschitz de subrayarlo, los gobernadores peronistas Jorge Obeid y Carlos Reutemann, fueron a declarar a la Corte Suprema para respaldar la demanda que entonces hab\u00eda interpuesto el gobernador Hermes Binner para que el Estado nacional le devolviese a la provincia los fondos de\u00a0coparticipaci\u00f3n\u00a0que irregularmente le hab\u00eda retenido a lo largo de a\u00f1os.<\/p>\n<p>No s\u00f3lo estuvieron el propio Binner, su sucesor Antonio Bonfatti, todo el gabinete provincial (con excepci\u00f3n de Mar\u00eda de los Angeles Gonz\u00e1lez), casi la totalidad de los legisladores del oficialismo y una nada despreciable presencia de diputados y senadores de distintas extracciones partidarias; sino figuras de la talla de los senadores nacionales Mar\u00eda de los Angeles Sacnun y Omar Perotti; diputados nacionales de Cambiemos como Luciano Laspina, Mario Barletta, Ana Copes, Hugo Marcucci; del PJ, Silvina Frana. Sus pares Marcos Cleri y Josefina Gonz\u00e1lez enviaron una adhesi\u00f3n por escrito. No estuvieron los intendentes de Rosario ni Santa Fe, M\u00f3nica Fein y Jos\u00e9 Corral, respectivamente, aunque si concejales y funcionarios de ambas y otras ciudades. E invitados especiales ajenos al Estado. Todo lo expuesto, es de suponer, tambi\u00e9n coadyuv\u00f3 a que el clima que ayer sobrevol\u00f3 el centro cultural en cuesti\u00f3n hubiere sido de cierto optimismo.<\/p>\n<p>El escenario fue montado con austera precisi\u00f3n para lograr que el acto no fuera confundido. Un tel\u00f3n oscuro, con un cartel de fondo de color celeste y letras blancas que anunciaba \u00abPropuesta de liquidaci\u00f3n y pago de la deuda Naci\u00f3n con la provincia de Santa Fe-Fallos de la Corte Suprema de la Naci\u00f3n\u00bb. En el centro del escenario y en una mesa vestida tambi\u00e9n en oscuro se sentaron el ministro de Econom\u00eda, Gonzalo Saglione, el gobernador; el vicegobernador Carlos Fascendini (el \u00fanico que no habl\u00f3) y el fiscal de Estado, Pablo Saccone.<\/p>\n<p>Saglione explic\u00f3 la oferta con la que Santa Fe concluy\u00f3 su intervenci\u00f3n en la comisi\u00f3n bipartita que estuvo estudiando el caso reuni\u00e9ndose durante todos estos a\u00f1os. Habl\u00f3 de \u00ablas dos cuestiones que hab\u00eda que definir: el monto de la deuda (a precios actuales) y la modalidad para hacer efectivo su cobro. Sobre el primer punto y ante la carencia de antecedentes, dijo entender que la tasa que mejor refiere es la tasa activa del Banco Naci\u00f3n sin capitalizar. La aplicaci\u00f3n de este criterio arroja un monto muy inferior al que resultar\u00eda bajo un esquema de capitalizaci\u00f3n pero la provincia cree que es el que mejor se adecua a la naturaleza de la deuda que se ha generado en el marco de este fallo. Bajo la aplicaci\u00f3n de esta tasa que a precios hist\u00f3ricos ronda los 93.500 millones ser\u00eda al 30 de junio de 2017 de 49.840 millones de pesos\u00bb.<\/p>\n<p>Cerr\u00f3 el gobernador con los agradecimientos de rigor y sin ocultar su satisfacci\u00f3n por el respaldo que le representaron tantas presencias. Dijo que la convocatoria ten\u00eda \u00absentido constructivo para encontrar una soluci\u00f3n y evitar nuevamente el litigio\u00bb y no pas\u00f3 por alto que entendi\u00f3 el pedido de espera que el gobierno le pidi\u00f3 \u00abporque esta deuda se gener\u00f3 en a\u00f1os anteriores y no es responsabilidad del gobierno nacional actual. Finalmente nos propusimos con los funcionarios nacionales cerrar el tema a fin de a\u00f1o pero cambi\u00f3 el ministro de Econom\u00eda y se posterg\u00f3 hasta los primeros meses de este a\u00f1o. Entendimos razonable eso tambi\u00e9n y nos propusimos mediados de a\u00f1o. Lamentablemente las contingencias nos permitieron que hoy tengamos una propuesta firme del gobierno nacional y por eso nos decidimos a dar vuelta la situaci\u00f3n y elevar nosotros una propuesta. Entendemos que m\u00e1s all\u00e1 de las cifras estamos discutiendo algo m\u00e1s profundo que tiene que ver con el federalismo en la Argentina. Un debate pendiente por m\u00e1s de 200 a\u00f1os, ni m\u00e1s ni menos\u00bb.<\/p>\n<h6>Fuente: La Capital Rosario<\/h6>\n","protected":false},"excerpt":{"rendered":"<p>El gobernador oficializ\u00f3 la propuesta para que la Naci\u00f3n pague los casi 50 mil millones que le debe a la provincia. Incluye pagos en efectivo y en bonos<\/p>\n","protected":false},"author":2,"featured_media":65569,"comment_status":"closed","ping_status":"closed","sticky":false,"template":"","format":"standard","meta":{"footnotes":""},"categories":[65],"tags":[10],"class_list":["post-65568","post","type-post","status-publish","format-standard","has-post-thumbnail","hentry","category-provincias","tag-santa-fe"],"_links":{"self":[{"href":"http:\/\/argentinamunicipal.com.ar\/argentina\/wp-json\/wp\/v2\/posts\/65568","targetHints":{"allow":["GET"]}}],"collection":[{"href":"http:\/\/argentinamunicipal.com.ar\/argentina\/wp-json\/wp\/v2\/posts"}],"about":[{"href":"http:\/\/argentinamunicipal.com.ar\/argentina\/wp-json\/wp\/v2\/types\/post"}],"author":[{"embeddable":true,"href":"http:\/\/argentinamunicipal.com.ar\/argentina\/wp-json\/wp\/v2\/users\/2"}],"replies":[{"embeddable":true,"href":"http:\/\/argentinamunicipal.com.ar\/argentina\/wp-json\/wp\/v2\/comments?post=65568"}],"version-history":[{"count":0,"href":"http:\/\/argentinamunicipal.com.ar\/argentina\/wp-json\/wp\/v2\/posts\/65568\/revisions"}],"wp:featuredmedia":[{"embeddable":true,"href":"http:\/\/argentinamunicipal.com.ar\/argentina\/wp-json\/wp\/v2\/media\/65569"}],"wp:attachment":[{"href":"http:\/\/argentinamunicipal.com.ar\/argentina\/wp-json\/wp\/v2\/media?parent=65568"}],"wp:term":[{"taxonomy":"category","embeddable":true,"href":"http:\/\/argentinamunicipal.com.ar\/argentina\/wp-json\/wp\/v2\/categories?post=65568"},{"taxonomy":"post_tag","embeddable":true,"href":"http:\/\/argentinamunicipal.com.ar\/argentina\/wp-json\/wp\/v2\/tags?post=65568"}],"curies":[{"name":"wp","href":"https:\/\/api.w.org\/{rel}","templated":true}]}}