{"id":65574,"date":"2017-07-19T07:32:39","date_gmt":"2017-07-19T10:32:39","guid":{"rendered":"http:\/\/argentinamunicipal.com.ar\/argentina\/?p=65574"},"modified":"2017-07-19T07:32:39","modified_gmt":"2017-07-19T10:32:39","slug":"show-mediatico-violo-todos-los-derechos-del-nino","status":"publish","type":"post","link":"http:\/\/argentinamunicipal.com.ar\/argentina\/show-mediatico-violo-todos-los-derechos-del-nino\/","title":{"rendered":"El show medi\u00e1tico que viol\u00f3 todos los derechos del ni\u00f1o"},"content":{"rendered":"<p>La madre del chico asegur\u00f3 que fue entrevistado sin su consentimiento. Aclar\u00f3 que es fabulador y neg\u00f3 que hubiese matado a nadie. Junto al MTE, present\u00f3 una denuncia judicial contra PPT, de Canal 13, y otra para investigar a la polic\u00eda y al secretario de Seguridad de Lan\u00fas.<\/p>\n<p>La madre del ni\u00f1o de 11 a\u00f1os que apareci\u00f3 el domingo pasado en el programa PPT, de Canal 13, adjudic\u00e1ndose una serie de delitos, incluido un asesinato, confirm\u00f3 a este diario que no autoriz\u00f3 la presencia de su hijo en el programa y, acompa\u00f1ada por la organizaci\u00f3n Movimiento de Trabajadores Excluidos (MTE), present\u00f3 una denuncia contra el canal por el uso de la imagen que violan leyes y tratados internacionales de los derechos del ni\u00f1o, y otra denuncia para que se investigue la coacci\u00f3n a la que fue sometido porque \u201cun d\u00eda antes lo metieron en un auto de la polic\u00eda local. Le hablaron del padre que est\u00e1 preso y le dijeron que le iban cargar m\u00e1s causas, y que ten\u00eda que ir al jard\u00edn de infantes para hablar con (el secretario de Seguridad de Lan\u00fas, Diego) Kravetz\u201d, dijo a este diario Manuel Mateu, del MTE. El ni\u00f1o es el mismo que fue detenido violentamente por la Polic\u00eda de la Ciudad el 19 de junio pasado, cuando iba a buscar a su madre al trabajo. En ese caso tambi\u00e9n se vulneraron los derechos del ni\u00f1o y la denuncia contra los uniformados por apremios ilegales, publicada en este diario el s\u00e1bado pasado, fue hecha por el asesor tutelar Gustavo Moreno (ver aparte).<\/p>\n<p>En un contexto donde la avanzada manodurista busca bajar la edad de imputabilidad, el domingo, el programa PPT (Canal 13) emiti\u00f3 un reportaje con el ni\u00f1o sin la autorizaci\u00f3n legal de sus padres, y mont\u00f3 un show medi\u00e1tico para mostrar a un chico que, acicateado por el entrevistador, se hace cargo de varios delitos incluido un homicidio, vulnerando a\u00fan m\u00e1s la ya extrema situaci\u00f3n psicol\u00f3gica por la que atraviesa.<\/p>\n<p>La denuncia contra el canal fue presentada ayer en los tribunales de Lomas de Zamora. Fernanda, la mam\u00e1 del ni\u00f1o, explic\u00f3 a P\u00e1ginaI12 que \u201ctiene problemas desde muy chico y tuvo varias internaciones pero nunca mat\u00f3 a nadie como dijo en el programa. Inventa mucho, pero yo s\u00e9 que es mentira y no mat\u00f3, pero la otra gente no lo sabe. Por eso quiero que dejen de pasar el video y las fotos. No solo en la tele sino en Facebook\u201d, remarc\u00f3 y advirti\u00f3 que \u201cno es un chico en situaci\u00f3n de calle, vive conmigo y yo no di ninguna autorizaci\u00f3n para que aparezca en el programa. Dijeron que fue acompa\u00f1ado por un familiar y es mentira. De mi familia no fue con nadie, yo me hab\u00eda ido a trabajar, y me enter\u00e9 el lunes a trav\u00e9s de las redes sociales lo que hab\u00eda pasado\u201d.<\/p>\n<p>Entre las recomendaciones que Unicef da para tratar la imagen de chicos en los medios de comunicaci\u00f3n est\u00e1n el consentimiento del ni\u00f1o y la autorizaci\u00f3n del adulto responsable; evaluar si la exposici\u00f3n no generar\u00e1 un da\u00f1o para su vida; no mostrar el rostro si eso puede representar una amenaza para su reputaci\u00f3n o vida \u00edntima y proteger su identidad, entre pautas.<\/p>\n<p>En este caso, como muestra de que no se respetaron las garant\u00edas m\u00ednimas para tratar la imagen, Fernanda explic\u00f3 que \u201cen el barrio lo reconocieron todos. Cuando corre la cara se lo puede reconocer y me empezaron a decir de todo en las redes sociales. Nos empezaron a atacar y a decir que somos todos delincuentes. Y yo no me drogo, nunca estuve presa y trabajo todos los d\u00edas de 12 a 18.30. Se hicieron muchos tratamientos que fallaron con \u00e9l pero seguimos tratando\u201d, se\u00f1al\u00f3.<\/p>\n<p>Mateu, ingeniero de la cooperativa de cartoneros donde trabaja la madre del ni\u00f1o, explic\u00f3 que en primer lugar \u201ces sospechoso c\u00f3mo lleg\u00f3 el pibe al lugar de la nota. Porque la nota la iban a hacer sobre un jard\u00edn de infantes que hab\u00edan robado en Villa Caraza (Lan\u00fas), y de golpe le est\u00e1n haciendo la nota a \u00e9l. No fue casualidad. Seg\u00fan lo que el chico cont\u00f3, y los indicios son fuertes, un d\u00eda antes lo metieron en un auto de la polic\u00eda local, lo amedrentaron y lo presionaron para que vaya a la nota. Le hablaron del padre que est\u00e1 preso y al que le iban a cargar m\u00e1s causas, y le dijeron que ten\u00eda que ir al jard\u00edn para hablar con Kravetz. El nombre lo tira \u00e9l, y lo conoce porque dice que es el jefe de los pitufos. Claramente hay una conexi\u00f3n entre la polic\u00eda del municipio y la productora del canal, queda en evidencia\u201d, asegur\u00f3.<\/p>\n<p>\u201cYa estaba confundido por los problemas que tiene y lo pusieron en una situaci\u00f3n peor. Donde minti\u00f3 y se hizo el guapo, lo indujeron para potenciar el personaje de pibe malo y lo empujaron al abismo. Ahora, pasa por momentos donde se asusta y otros que le generan adrenalina. Lo vulneraron m\u00e1s de lo que estaba\u201d, agreg\u00f3.<\/p>\n<p>Por otra parte \u2013continu\u00f3 Mateu\u2013 \u201cdenunciamos el tratamiento medi\u00e1tico porque no respetaron los derechos del ni\u00f1o. No protegieron su imagen, no cambiaron su voz y todo el barrio lo reconoci\u00f3. Adem\u00e1s, ten\u00edan datos como el n\u00famero de documento que \u00e9l no sabe. Por eso queremos que se investigue c\u00f3mo lleg\u00f3 a la grabaci\u00f3n y la intimidaci\u00f3n que sufri\u00f3. Muchas cosas de las que cont\u00f3 son fabulaciones pero otras son cre\u00edbles y las tienen que investigar\u201d.<\/p>\n<p>Este diario intent\u00f3 comunicarse con el organismo bonaerense responsable de la Ni\u00f1ez y la Adolescencia, que depende del Ministerio de Desarrollo Social provincial, para saber si iban a tomar intervenci\u00f3n en el caso. La respuesta fue que estaban trabajando \u201cen la asistencia del menor\u201d; de sus derechos vulnerados ni se anoticiaron.<\/p>\n<p>En el mismo sentido, el referente del MTE Juan Grabois sostuvo que \u201clo que hicieron (en el programa de Jorge Lanata) es repugnante desde el punto de vista moral e implica la comisi\u00f3n de una importante cantidad de delitos y violaciones de leyes. Me resulta francamente despreciable que se hayan aprovechado del ni\u00f1o y usen la imagen del menor para vender en un medio comercial\u201d, dijo el dirigente y remarc\u00f3 que el chico es vulnerable \u201cpor su edad, por su condici\u00f3n social y por su salud mental\u201d (ver audio completo en www.pagina12.com.ar).<\/p>\n<p>Grabois le apunt\u00f3 a Lanata y se\u00f1al\u00f3 que \u201clo que usted cometi\u00f3 \u2013se lo dijo durante un cruce que tuvo con el periodista por radio Mitre\u2013 es un delito grav\u00edsimo, que es utilizar a un ni\u00f1o para imponer una ideolog\u00eda, para intermediar en un debate social y para criminalizar a los pibes que est\u00e1n sufriendo tanto. Despu\u00e9s es f\u00e1cil echarle la culpa a las organizaciones sociales cuando ustedes son un ladrillo clave en el muro de exclusi\u00f3n de la sociedad\u201d, remarc\u00f3 el dirigente del MTE.<\/p>\n<p>Por otra parte, el titular de la Asesor\u00eda Tutelar N\u00b01 ante la C\u00e1mara de Apelaciones en lo Contencioso Administrativo y Tributario de la ciudad de Buenos Aires, Gustavo Moreno, quien el viernes pasado ampli\u00f3 una denuncia contra la polic\u00eda de la ciudad por la detenci\u00f3n ilegal del chico dijo que \u201cla utilizaci\u00f3n de algunos medios de comunicaci\u00f3n oficialistas para criminalizar a un ni\u00f1o es vergonzosa. Solamente se busca ver a los ni\u00f1os marginados como enemigos sociales, respecto de los cuales el Estado vulner\u00f3 de antemano sus derechos sociales: vivienda, alimentaci\u00f3n, salud, educaci\u00f3n\u201d. Moreno sostuvo que \u201ccon la idea de bajar la edad vamos a terminar haciendo allanamientos en peloteros\u201d y advirti\u00f3 que \u201cel gobierno nacional, de la Ciudad y de la provincia deber\u00edan escuchar m\u00e1s, trabajar m\u00e1s y no violar cada derecho social de los chicos pobres\u201d.<\/p>\n<h6>Fuente: P\u00e1gina 12<\/h6>\n","protected":false},"excerpt":{"rendered":"<p>La madre del chico asegur\u00f3 que fue entrevistado sin su consentimiento. Aclar\u00f3 que es fabulador y neg\u00f3 que hubiese matado a nadie. Junto al MTE, present\u00f3 una denuncia judicial contra PPT, de Canal 13, y otra para investigar a la polic\u00eda y al secretario de Seguridad de Lan\u00fas.<\/p>\n","protected":false},"author":2,"featured_media":65575,"comment_status":"closed","ping_status":"closed","sticky":false,"template":"","format":"standard","meta":{"footnotes":""},"categories":[8],"tags":[21],"class_list":["post-65574","post","type-post","status-publish","format-standard","has-post-thumbnail","hentry","category-informe-nacional","tag-argentina"],"_links":{"self":[{"href":"http:\/\/argentinamunicipal.com.ar\/argentina\/wp-json\/wp\/v2\/posts\/65574","targetHints":{"allow":["GET"]}}],"collection":[{"href":"http:\/\/argentinamunicipal.com.ar\/argentina\/wp-json\/wp\/v2\/posts"}],"about":[{"href":"http:\/\/argentinamunicipal.com.ar\/argentina\/wp-json\/wp\/v2\/types\/post"}],"author":[{"embeddable":true,"href":"http:\/\/argentinamunicipal.com.ar\/argentina\/wp-json\/wp\/v2\/users\/2"}],"replies":[{"embeddable":true,"href":"http:\/\/argentinamunicipal.com.ar\/argentina\/wp-json\/wp\/v2\/comments?post=65574"}],"version-history":[{"count":0,"href":"http:\/\/argentinamunicipal.com.ar\/argentina\/wp-json\/wp\/v2\/posts\/65574\/revisions"}],"wp:featuredmedia":[{"embeddable":true,"href":"http:\/\/argentinamunicipal.com.ar\/argentina\/wp-json\/wp\/v2\/media\/65575"}],"wp:attachment":[{"href":"http:\/\/argentinamunicipal.com.ar\/argentina\/wp-json\/wp\/v2\/media?parent=65574"}],"wp:term":[{"taxonomy":"category","embeddable":true,"href":"http:\/\/argentinamunicipal.com.ar\/argentina\/wp-json\/wp\/v2\/categories?post=65574"},{"taxonomy":"post_tag","embeddable":true,"href":"http:\/\/argentinamunicipal.com.ar\/argentina\/wp-json\/wp\/v2\/tags?post=65574"}],"curies":[{"name":"wp","href":"https:\/\/api.w.org\/{rel}","templated":true}]}}