{"id":65610,"date":"2017-07-19T05:35:01","date_gmt":"2017-07-19T08:35:01","guid":{"rendered":"http:\/\/argentinamunicipal.com.ar\/argentina\/?p=65610"},"modified":"2017-07-19T08:37:49","modified_gmt":"2017-07-19T11:37:49","slug":"importacion-recesion-parate","status":"publish","type":"post","link":"http:\/\/argentinamunicipal.com.ar\/argentina\/importacion-recesion-parate\/","title":{"rendered":"Importaci\u00f3n, recesi\u00f3n y parate"},"content":{"rendered":"<p>La firma de capitales brasile\u00f1os les dio vacaciones adelantadas o envi\u00f3 a hacer capacitaci\u00f3n a sus obreros para discontinuar la producci\u00f3n sin echar al personal, aunque seguir\u00e1n cobrando los \u201crepro\u201d. Malas perspectivas por la reducci\u00f3n del mercado.<\/p>\n<p>La f\u00e1brica de calzado deportivo de Aguilares no logr\u00f3 eludir el impacto de la importaci\u00f3n y la menor demanda.<br \/>\nLa empresa Alpargatas ingres\u00f3 en el esquema del \u201cRepro Express\u201d que ofrece el Gobierno para sostener los puestos de trabajo, aunque las dificultades persisten: los trabajadores de la planta de Aguilares, en Tucum\u00e1n, recibir\u00edan vacaciones adelantadas y una capacitaci\u00f3n para que se pueda discontinuar la operaci\u00f3n, ante la ca\u00edda de la producci\u00f3n por el achicamiento del mercado interno y el aumento de las importaciones. Una situaci\u00f3n complicada tambi\u00e9n se vive en la planta de Catamarca, en donde casi no hay producci\u00f3n. En un pase de manos de la burgues\u00eda paulista, muy comprometida en los esc\u00e1ndalos de corrupci\u00f3n de Brasil, Alpargatas fue vendida a una sociedad controlada por los accionistas del Banco Ita\u00fa.<\/p>\n<p>La semana pasada, Alpargatas cerr\u00f3 su incorporaci\u00f3n al programa Repro Express, que consiste en el pago de 3 mil pesos por trabajador por parte del Estado por un per\u00edodo de tres meses, renovable por otros tres meses. A cambio, la empresa se compromete a no despedir personal. Si suspende la operaci\u00f3n, debe abonar el 100 por ciento de los salarios. De todas maneras, la firma ya realiz\u00f3 un ajuste en los \u00faltimos meses: anunci\u00f3 el cierre de su f\u00e1brica de zapatillas en Villa Mercedes, San Luis, y la discontinuaci\u00f3n de su l\u00ednea de calzado en la planta ubicada la localidad bonaerense de Florencio Varela, que afecta la fuente de trabajo de 150 empleados.<\/p>\n<p>La empresa acord\u00f3 con el Ministerio de Trabajo comenzar a cobrar el Repro, pero quedan a la vista los problemas econ\u00f3micos que son moneda corriente en el sector textil y de calzado. En la planta de calzado de Aguilares, en Tucum\u00e1n, la empresa Alpargatas dispuso que el personal se tome una semana de vacaciones adeudadas del a\u00f1o pasado, mientras la otra semana se realizar\u00e1 una capacitaci\u00f3n. La decisi\u00f3n todav\u00eda no fue comunicada oficialmente al gremio. \u201cEn el curso de estas medidas, la empresa va a pagar los salarios, as\u00ed que formalmente no hay nada que reclamar\u201d, dicen en la Asociaci\u00f3n Obrera Textil (AOT). El negocio del calzado est\u00e1 muy complicado por el fuerte incremento de la competencia por parte de Adidas y Nike, que rebasaron los canales de comercializaci\u00f3n con importaciones. En el gremio advierten que la situaci\u00f3n es todav\u00eda m\u00e1s complicada en Catamarca, en donde pr\u00e1cticamente la producci\u00f3n est\u00e1 parada ante la falta de ventas. \u201cLa mitad del mes se trabaja y la otra mitad, nada\u201d, resumen en el gremio.<\/p>\n<p>\u201cAlpargatas en Catamarca ten\u00eda un panorama muy complicado, yo dir\u00eda que m\u00e1s para irse que para quedarse. Tenemos 320 obreros en Alpargatas Textil y 220 en Calzados Catamarca, y estamos dispuestos a pagar el precio que sea para mantener esos puestos de trabajo. Que se pierdan implicar\u00eda un desastre\u201d, dijo Jorge Gonz\u00e1lez, secretario general de la Asociaci\u00f3n Obrera Textil de Catamarca, ante la noticia del cambio de due\u00f1o de la empresa Alpargatas. En los \u00faltimos d\u00edas se conoci\u00f3 que Alpargatas, propiedad de la firma J&amp;F, tambi\u00e9n due\u00f1a del frigor\u00edfico JBS, acept\u00f3 la oferta de una sociedad controlada por el fondo Ita\u00fasa (due\u00f1o del banco Ita\u00fa), que pasar\u00e1 a controlar el paquete accionario de la filial en Argentina.<\/p>\n<p>En el gremio textil aseguran que hay unas 50 empresas que ya est\u00e1n recibiendo el Repro para evitar la p\u00e9rdida de empleo. De todas maneras, hay mucha preocupaci\u00f3n entre los textiles y los empresarios del calzado porque entienden que el modelo econ\u00f3mico de Cambiemos, de enfriamiento del mercado interno con apertura comercial y altas tasas de inter\u00e9s, es estructuralmente perjudicial para el negocio. Seg\u00fan los datos del Indec, la producci\u00f3n del sector textil en los primeros cinco meses cay\u00f3 un 17,9 por ciento frente al mismo per\u00edodo del a\u00f1o pasado, cuando ya mostraba un deterioro.<\/p>\n<p>La CAME calcul\u00f3 que en junio las ventas minoristas de empresas pymes textiles se ubicaron un 3,3 por ciento por debajo del nivel del a\u00f1o pasado. En tanto, las importaciones de productos terminados en textil e indumentaria siguieron en alza. En mayo, las compras al exterior crecieron 46 por ciento en toneladas y 28 en d\u00f3lares respecto de abril. En lo que va del a\u00f1o, acumulan una suba de 49 y 30 por ciento, respectivamente, inform\u00f3 la consultora Radar. En indumentaria, se destaca el incremento de pantalones y su\u00e9teres. Por el lado del calzado, las compras externas crecieron 59 por ciento en mayo.<\/p>\n<h6>Fuente: P\u00e1gina 12<\/h6>\n","protected":false},"excerpt":{"rendered":"<p>La firma de capitales brasile\u00f1os les dio vacaciones adelantadas o envi\u00f3 a hacer capacitaci\u00f3n a sus obreros para discontinuar la producci\u00f3n sin echar al personal, aunque seguir\u00e1n cobrando los \u201crepro\u201d.<\/p>\n","protected":false},"author":2,"featured_media":65611,"comment_status":"closed","ping_status":"closed","sticky":false,"template":"","format":"standard","meta":{"footnotes":""},"categories":[8],"tags":[21],"class_list":["post-65610","post","type-post","status-publish","format-standard","has-post-thumbnail","hentry","category-informe-nacional","tag-argentina"],"_links":{"self":[{"href":"http:\/\/argentinamunicipal.com.ar\/argentina\/wp-json\/wp\/v2\/posts\/65610","targetHints":{"allow":["GET"]}}],"collection":[{"href":"http:\/\/argentinamunicipal.com.ar\/argentina\/wp-json\/wp\/v2\/posts"}],"about":[{"href":"http:\/\/argentinamunicipal.com.ar\/argentina\/wp-json\/wp\/v2\/types\/post"}],"author":[{"embeddable":true,"href":"http:\/\/argentinamunicipal.com.ar\/argentina\/wp-json\/wp\/v2\/users\/2"}],"replies":[{"embeddable":true,"href":"http:\/\/argentinamunicipal.com.ar\/argentina\/wp-json\/wp\/v2\/comments?post=65610"}],"version-history":[{"count":0,"href":"http:\/\/argentinamunicipal.com.ar\/argentina\/wp-json\/wp\/v2\/posts\/65610\/revisions"}],"wp:featuredmedia":[{"embeddable":true,"href":"http:\/\/argentinamunicipal.com.ar\/argentina\/wp-json\/wp\/v2\/media\/65611"}],"wp:attachment":[{"href":"http:\/\/argentinamunicipal.com.ar\/argentina\/wp-json\/wp\/v2\/media?parent=65610"}],"wp:term":[{"taxonomy":"category","embeddable":true,"href":"http:\/\/argentinamunicipal.com.ar\/argentina\/wp-json\/wp\/v2\/categories?post=65610"},{"taxonomy":"post_tag","embeddable":true,"href":"http:\/\/argentinamunicipal.com.ar\/argentina\/wp-json\/wp\/v2\/tags?post=65610"}],"curies":[{"name":"wp","href":"https:\/\/api.w.org\/{rel}","templated":true}]}}