{"id":65631,"date":"2017-07-20T06:59:46","date_gmt":"2017-07-20T09:59:46","guid":{"rendered":"http:\/\/argentinamunicipal.com.ar\/argentina\/?p=65631"},"modified":"2017-07-20T06:59:46","modified_gmt":"2017-07-20T09:59:46","slug":"los-despidos-sin-causa","status":"publish","type":"post","link":"http:\/\/argentinamunicipal.com.ar\/argentina\/los-despidos-sin-causa\/","title":{"rendered":"Contra los despidos sin causa"},"content":{"rendered":"<p>El juez Alejo Ramos Padilla resolvi\u00f3 que tienen que ser reincorporados al Estado cuatro trabajadores echados del Renatea.<\/p>\n<p>El juez Alejo Ramos Padilla orden\u00f3 al Estado Nacional que devuelva sus puestos laborales a cuatro trabajadores que fueron despedidos \u201csin causa\u201d del ex del Registro Nacional de Trabajadores y Empleadores Agrarios (Renatea). El magistrado de Dolores plante\u00f3 as\u00ed su sentencia en el caso que comenz\u00f3 a mediados del a\u00f1o pasado con una acci\u00f3n de amparo en contra de la resoluci\u00f3n que permiti\u00f3 los despidos y que hab\u00eda sido acordada entre el sindicato de empleados p\u00fablicos y el ex organismo aut\u00e1rquico. El Renatea batall\u00f3 contra la explotaci\u00f3n de personas y el empleo en negro en actividades agropecuarias hasta poco tiempo despu\u00e9s de que Mauricio Macri asumiera la presidencia. En ese momento dej\u00f3 de existir.<\/p>\n<p>La medida beneficia a Mar\u00eda Gabriela Ramallo, Esteban Adri\u00e1n Potes, Juan Manuel Villa y Mauricio Andr\u00e9s Massenzio, quienes se desempe\u00f1aron en el organismo hasta marzo de 2016, cuando fueron echados.<\/p>\n<p>Como el organismo aut\u00e1rquico ya no existe, el juez indic\u00f3 que los trabajadores \u201cpodr\u00e1n optar por requerir su reubicaci\u00f3n en cualquier otro organismo de la Administraci\u00f3n P\u00fablica o por recibir la indemnizaci\u00f3n correspondiente\u201d.<\/p>\n<p>A fines de agosto pasado, el juez hab\u00eda habilitado una acci\u00f3n de amparo contra la resoluci\u00f3n n\u00famero 287 con la que la Secretar\u00eda de Relaciones Laborales, en mayo de 2016, elimin\u00f3 el Convenio Colectivo de Trabajo que reg\u00eda para los trabajadores del Renatea y lo reemplaz\u00f3 con otro convenio, acordado entre el sindicato Uni\u00f3n Personal Civil de la Naci\u00f3n (UPCN) y el ente aut\u00e1rquico. Este acuerdo \u201cdespojaba a los trabajadores de sus derechos esenciales\u201d, explic\u00f3 una fuente de la causa.<\/p>\n<p>De una planta de m\u00e1s de 800 personas, la medida \u2013que se complet\u00f3 con el regreso del entonces titular de la Uatre y hoy fallecido Ger\u00f3nimo \u201cMomo\u201d Venegas al frente del Registro de los trabajadores rurales\u2013 puso en especial peligro a alrededor de 600, todos los que ingresaron entre los a\u00f1os 2012 y 2015.<\/p>\n<p>En su fallo de ayer, Ramos Padilla declar\u00f3 \u201cinconstitucional\u201d la resoluci\u00f3n en cuesti\u00f3n que dej\u00f3 sin efecto el Convenio Colectivo de Trabajo que proteg\u00eda a los empleados p\u00fablicos, resolvi\u00f3 su \u201cinaplicabilidad\u201d y orden\u00f3 al Estado nacional que en un plazo de cinco d\u00edas devuelva los puestos de trabajo a los cuatro empleados en litigio. Seg\u00fan rese\u00f1\u00f3 el juez, el anterior convenio colectivo que reg\u00eda en el ente aut\u00e1rquico antes de la resoluci\u00f3n 287 asignaba estabilidad como empleados p\u00fablicos a los trabajadores del Renatea y fijaba como causales de extinci\u00f3n de la relaci\u00f3n laboral \u201crenuncia, sanciones expulsivas, jubilaci\u00f3n, fallecimiento o mutuo acuerdo\u201d, pero exclu\u00eda \u201cel despido sin causa\u201d, que fue lo que ocurri\u00f3 en estos casos. \u201cLa resoluci\u00f3n acordada entre el Sindicato y el Renatea le permiti\u00f3 al Estado actuar como si fuera una empresa\u201d, puntualiz\u00f3 una fuente judicial.\u00a0 Ramos Padilla defini\u00f3 que \u201cel Estado Nacional debi\u00f3 garantizar los derechos adquiridos de los trabajadores y no homologar un acuerdo que afectaba la estabilidad el r\u00e9gimen laboral que los amparaba por mandato de la Constituci\u00f3n Nacional\u201d.<\/p>\n<h6>Fuente: P\u00e1gina 12<\/h6>\n","protected":false},"excerpt":{"rendered":"<p>El juez Alejo Ramos Padilla resolvi\u00f3 que tienen que ser reincorporados al Estado cuatro trabajadores echados del Renatea.<\/p>\n","protected":false},"author":2,"featured_media":65632,"comment_status":"closed","ping_status":"closed","sticky":false,"template":"","format":"standard","meta":{"footnotes":""},"categories":[8],"tags":[21],"class_list":["post-65631","post","type-post","status-publish","format-standard","has-post-thumbnail","hentry","category-informe-nacional","tag-argentina"],"_links":{"self":[{"href":"http:\/\/argentinamunicipal.com.ar\/argentina\/wp-json\/wp\/v2\/posts\/65631","targetHints":{"allow":["GET"]}}],"collection":[{"href":"http:\/\/argentinamunicipal.com.ar\/argentina\/wp-json\/wp\/v2\/posts"}],"about":[{"href":"http:\/\/argentinamunicipal.com.ar\/argentina\/wp-json\/wp\/v2\/types\/post"}],"author":[{"embeddable":true,"href":"http:\/\/argentinamunicipal.com.ar\/argentina\/wp-json\/wp\/v2\/users\/2"}],"replies":[{"embeddable":true,"href":"http:\/\/argentinamunicipal.com.ar\/argentina\/wp-json\/wp\/v2\/comments?post=65631"}],"version-history":[{"count":0,"href":"http:\/\/argentinamunicipal.com.ar\/argentina\/wp-json\/wp\/v2\/posts\/65631\/revisions"}],"wp:featuredmedia":[{"embeddable":true,"href":"http:\/\/argentinamunicipal.com.ar\/argentina\/wp-json\/wp\/v2\/media\/65632"}],"wp:attachment":[{"href":"http:\/\/argentinamunicipal.com.ar\/argentina\/wp-json\/wp\/v2\/media?parent=65631"}],"wp:term":[{"taxonomy":"category","embeddable":true,"href":"http:\/\/argentinamunicipal.com.ar\/argentina\/wp-json\/wp\/v2\/categories?post=65631"},{"taxonomy":"post_tag","embeddable":true,"href":"http:\/\/argentinamunicipal.com.ar\/argentina\/wp-json\/wp\/v2\/tags?post=65631"}],"curies":[{"name":"wp","href":"https:\/\/api.w.org\/{rel}","templated":true}]}}