{"id":65646,"date":"2017-07-20T06:24:43","date_gmt":"2017-07-20T09:24:43","guid":{"rendered":"http:\/\/argentinamunicipal.com.ar\/argentina\/?p=65646"},"modified":"2017-07-20T07:31:46","modified_gmt":"2017-07-20T10:31:46","slug":"crisis-sector-avicola-estamos-achicandonos-desarmando-inversiones-no-desaparecer","status":"publish","type":"post","link":"http:\/\/argentinamunicipal.com.ar\/argentina\/crisis-sector-avicola-estamos-achicandonos-desarmando-inversiones-no-desaparecer\/","title":{"rendered":"Crisis en el sector av\u00edcola: \u201cEstamos achic\u00e1ndonos y desarmando inversiones para no desaparecer\u201d"},"content":{"rendered":"<p>As\u00ed defini\u00f3 la situaci\u00f3n Santiago Perea, secretario de la C\u00e1mara que nuclea a los productores. La fuerte presi\u00f3n tributaria, los costos altos, la ca\u00edda del consumo y de las exportaciones son algunas de las variables que complican el escenario. \u201cSino se revierte esta situaci\u00f3n r\u00e1pidamente, las consecuencias van a ser muy graves\u201d destac\u00f3 Perea en QM Agro.<\/p>\n<p>\u201cConstruir una actividad y hacerla crecer lleva d\u00e9cadas de mucho sacrificio y capital, pero puede destruirse en d\u00edas\u201d, declar\u00f3 Santiago Perea, Secretario de la C\u00e1mara Argentina de Productores Avicolas, quien pronostic\u00f3 el cierre de f\u00e1bricas, menor producci\u00f3n y p\u00e9rdida de empleo para los pr\u00f3ximos meses.<\/p>\n<p>En los \u00faltimos diez a\u00f1os, el sector av\u00edcola logr\u00f3 posicionarse como segunda opci\u00f3n despu\u00e9s de la carne vacuna, supo ganar espacios con inversi\u00f3n propia y conquistar mercados externos.<\/p>\n<p>Seg\u00fan coment\u00f3 el directivo de CAPIA, la actividad se desarroll\u00f3 de forma explosiva y se triplic\u00f3 cuando las condiciones estuvieron dadas, sin embargo, en la actualidad, el sector est\u00e1 viendo c\u00f3mo hacer para no desaparecer achic\u00e1ndose y desarmando inversiones.<\/p>\n<p>En relaci\u00f3n a las negociaciones de los productores av\u00edcolas con las empresas privadas, Perea destac\u00f3: \u201clas relaciones son malas con todo el mundo, el sector est\u00e1 en muy mal momento y eso repercute en toda la cadena\u201d, y agreg\u00f3 que, aunque existieron reuniones con funcionarios del gobierno, no hubo ninguna soluci\u00f3n concreta.<\/p>\n<p>\u201cEl mercado externo para el sector viene fr\u00edo, tratamos de fermentarlo para descomprimir el mercado interno, pero no se ha podido consumar porque no competimos en el mundo y estamos muy atrasados en nuestro tipo de cambio\u201d, expres\u00f3 el Secretario de la entidad av\u00edcola y explic\u00f3 que tampoco se debe reducir el problema al tipo de cambio, ya que ser\u00eda minimizar la situaci\u00f3n: \u201cAunque hubiera una correcci\u00f3n sobre el mismo, con la inflaci\u00f3n que hay \u00bfcu\u00e1nto tard\u00e1s en perderla? No se puede construir un mercado externo\u00a0 pensando s\u00f3lo en los pr\u00f3ximos tres meses\u201d.<\/p>\n<h6>Fuente: InfoCielo<\/h6>\n","protected":false},"excerpt":{"rendered":"<p>As\u00ed defini\u00f3 la situaci\u00f3n Santiago Perea, secretario de la C\u00e1mara que nuclea a los productores. La fuerte presi\u00f3n tributaria, los costos altos, la ca\u00edda del consumo y de las exportaciones son algunas de las variables que complican el escenario. <\/p>\n","protected":false},"author":2,"featured_media":65647,"comment_status":"closed","ping_status":"closed","sticky":false,"template":"","format":"standard","meta":{"footnotes":""},"categories":[8],"tags":[21],"class_list":["post-65646","post","type-post","status-publish","format-standard","has-post-thumbnail","hentry","category-informe-nacional","tag-argentina"],"_links":{"self":[{"href":"http:\/\/argentinamunicipal.com.ar\/argentina\/wp-json\/wp\/v2\/posts\/65646","targetHints":{"allow":["GET"]}}],"collection":[{"href":"http:\/\/argentinamunicipal.com.ar\/argentina\/wp-json\/wp\/v2\/posts"}],"about":[{"href":"http:\/\/argentinamunicipal.com.ar\/argentina\/wp-json\/wp\/v2\/types\/post"}],"author":[{"embeddable":true,"href":"http:\/\/argentinamunicipal.com.ar\/argentina\/wp-json\/wp\/v2\/users\/2"}],"replies":[{"embeddable":true,"href":"http:\/\/argentinamunicipal.com.ar\/argentina\/wp-json\/wp\/v2\/comments?post=65646"}],"version-history":[{"count":0,"href":"http:\/\/argentinamunicipal.com.ar\/argentina\/wp-json\/wp\/v2\/posts\/65646\/revisions"}],"wp:featuredmedia":[{"embeddable":true,"href":"http:\/\/argentinamunicipal.com.ar\/argentina\/wp-json\/wp\/v2\/media\/65647"}],"wp:attachment":[{"href":"http:\/\/argentinamunicipal.com.ar\/argentina\/wp-json\/wp\/v2\/media?parent=65646"}],"wp:term":[{"taxonomy":"category","embeddable":true,"href":"http:\/\/argentinamunicipal.com.ar\/argentina\/wp-json\/wp\/v2\/categories?post=65646"},{"taxonomy":"post_tag","embeddable":true,"href":"http:\/\/argentinamunicipal.com.ar\/argentina\/wp-json\/wp\/v2\/tags?post=65646"}],"curies":[{"name":"wp","href":"https:\/\/api.w.org\/{rel}","templated":true}]}}