{"id":65664,"date":"2017-07-20T06:08:31","date_gmt":"2017-07-20T09:08:31","guid":{"rendered":"http:\/\/argentinamunicipal.com.ar\/argentina\/?p=65664"},"modified":"2017-07-20T08:11:14","modified_gmt":"2017-07-20T11:11:14","slug":"argentina-segundo-pais-la-leche-mas-cara-del-mundo","status":"publish","type":"post","link":"http:\/\/argentinamunicipal.com.ar\/argentina\/argentina-segundo-pais-la-leche-mas-cara-del-mundo\/","title":{"rendered":"Argentina es el segundo pa\u00eds con la leche m\u00e1s cara del mundo"},"content":{"rendered":"<p>Luego de cinco a\u00f1os de mantenerse en los \u00abestandares\u00bb internacionales, el precio de la leche local rompi\u00f3 la media para situarse en los US$ 1,55 por litro.<\/p>\n<p>Argentina es el segundo pa\u00eds con leche m\u00e1s cara, con un valor de US$ 1,55 por litro seg\u00fan un relevamiento realizado entre 36 pa\u00edses. As\u00ed se ubica por debajo de Canad\u00e1 que ostenta un precio de US$ 1,86.<\/p>\n<p>El ranking fue elaborado por el Departamento de Estad\u00edsticas y Tendencias del Centro de Almaceneros, que compar\u00f3 los valores entre julio de 2013 a julio de este a\u00f1o.<\/p>\n<p>En la evoluci\u00f3n y comparaci\u00f3n de los \u00faltimos 5 a\u00f1os, el valor de venta al p\u00fablico se mantuvo acorde a la media internacional: US$ 1,00, en tanto que el precio pagado al productor se mantiene de manera \u2018est\u00e1ndar\u2019 en US$ 0,30\u201d, indic\u00f3 el organismo.<\/p>\n<p>Pero durante este a\u00f1o, el precio de la leche en Argentina rompi\u00f3 la media internacional para situarse US$ 0,55 por encima del promedio.<\/p>\n<p>\u201cSin lugar a dudas, el precio de la leche fluida en Argentina se encuentra desfasado y desequilibrado respecto al precio internacional, ocasionando un abrupto descenso en su consumo y el encarecimiento de sus derivados\u201d, opinaron desde la C\u00e1mara.<\/p>\n<p>El sector l\u00e1cteo local se encuentra atravesando una importante crisis h\u00eddrica que se complica \u00e1un m\u00e1s con la entrada de productos importados, tal el caso de la marca uruguaya Conaprole.<\/p>\n<p>\u201cNo hay una pol\u00edtica lechera y esto sumado a una fuerte crisis por la inclemencia del tiempo, ya venimos de tres crisis h\u00eddricas, hizo caer la producci\u00f3n de 8 millones de litros a no m\u00e1s de 5 millones; es decir, un 37,5%\u201d, destac\u00f3 el presidente de la Mesa de Productores Lecheros de Santa Fe, Marcelo Aimaro en declaraciones radiales.<\/p>\n<p>El abogado de Asociaci\u00f3n de Trabajadores de la Industria de la Rep\u00fablica Argentina (Atilra), Alberto Coronel, indic\u00f3 que la baja en el consumo de l\u00e1cteos en los \u00faltimos dos a\u00f1os fue de entre 12 y 14 por ciento, seg\u00fan consign\u00f3 en P\u00e1gina 12.<\/p>\n<p>En el caso de la producci\u00f3n, indic\u00f3 que las empresas no est\u00e1n invirtiendo en tecnolog\u00eda. Se calcula que s\u00f3lo entre 2016 y lo que va de 2017 habr\u00edan cerrado entre 4.000 y 5.000 tambos en el pa\u00eds.<\/p>\n<h6>Fuente: El tribuno<\/h6>\n","protected":false},"excerpt":{"rendered":"<p>Luego de cinco a\u00f1os de mantenerse en los \u00abestandares\u00bb internacionales, el precio de la leche local rompi\u00f3 la media para situarse en los US$ 1,55 por litro. <\/p>\n","protected":false},"author":2,"featured_media":65665,"comment_status":"closed","ping_status":"closed","sticky":false,"template":"","format":"standard","meta":{"footnotes":""},"categories":[8],"tags":[21],"class_list":["post-65664","post","type-post","status-publish","format-standard","has-post-thumbnail","hentry","category-informe-nacional","tag-argentina"],"_links":{"self":[{"href":"http:\/\/argentinamunicipal.com.ar\/argentina\/wp-json\/wp\/v2\/posts\/65664","targetHints":{"allow":["GET"]}}],"collection":[{"href":"http:\/\/argentinamunicipal.com.ar\/argentina\/wp-json\/wp\/v2\/posts"}],"about":[{"href":"http:\/\/argentinamunicipal.com.ar\/argentina\/wp-json\/wp\/v2\/types\/post"}],"author":[{"embeddable":true,"href":"http:\/\/argentinamunicipal.com.ar\/argentina\/wp-json\/wp\/v2\/users\/2"}],"replies":[{"embeddable":true,"href":"http:\/\/argentinamunicipal.com.ar\/argentina\/wp-json\/wp\/v2\/comments?post=65664"}],"version-history":[{"count":0,"href":"http:\/\/argentinamunicipal.com.ar\/argentina\/wp-json\/wp\/v2\/posts\/65664\/revisions"}],"wp:featuredmedia":[{"embeddable":true,"href":"http:\/\/argentinamunicipal.com.ar\/argentina\/wp-json\/wp\/v2\/media\/65665"}],"wp:attachment":[{"href":"http:\/\/argentinamunicipal.com.ar\/argentina\/wp-json\/wp\/v2\/media?parent=65664"}],"wp:term":[{"taxonomy":"category","embeddable":true,"href":"http:\/\/argentinamunicipal.com.ar\/argentina\/wp-json\/wp\/v2\/categories?post=65664"},{"taxonomy":"post_tag","embeddable":true,"href":"http:\/\/argentinamunicipal.com.ar\/argentina\/wp-json\/wp\/v2\/tags?post=65664"}],"curies":[{"name":"wp","href":"https:\/\/api.w.org\/{rel}","templated":true}]}}