{"id":65686,"date":"2017-07-24T07:12:34","date_gmt":"2017-07-24T10:12:34","guid":{"rendered":"http:\/\/argentinamunicipal.com.ar\/argentina\/?p=65686"},"modified":"2017-07-24T07:12:34","modified_gmt":"2017-07-24T10:12:34","slug":"la-cgt-rechazo-la-presencia-michel-temer-pais-reforma-laboral","status":"publish","type":"post","link":"http:\/\/argentinamunicipal.com.ar\/argentina\/la-cgt-rechazo-la-presencia-michel-temer-pais-reforma-laboral\/","title":{"rendered":"La CGT rechaz\u00f3 la presencia de Michel Temer en el pa\u00eds y su reforma laboral"},"content":{"rendered":"<p>La Central obrera emiti\u00f3 un comunicado en el marco de la Cumbre del Mercosur. \u00abRepudiamos la presencia de quien encarna la ideolog\u00eda que ataca los derechos de los trabajadores y con ello tambi\u00e9n a quienes en nuestro pa\u00eds pretenden volver a \u00e9pocas de &#8216;patr\u00f3n de costas'\u00bb, se\u00f1alaron.<\/p>\n<p>La\u00a0CGT\u00a0repudi\u00f3 mediante un comunicado la visita del brasile\u00f1o\u00a0Michel Temer\u00a0a la\u00a0Cumbre de presidentes del Mercosur\u00a0en Mendoza y rechaz\u00f3 tambi\u00e9n la reciente aprobaci\u00f3n de la\u00a0reforma laboral\u00a0llevada a cabo en su pa\u00eds, la que consider\u00f3 un\u00a0\u00ablaboratorio para avanzar contra toda legislaci\u00f3n laboral que conlleve beneficios y conceda derechos hist\u00f3ricos a los trabajadores\u00bb.<\/p>\n<p>\u00abHace poco m\u00e1s de un a\u00f1o que en Brasil, una amplia coalici\u00f3n de fuerzas pol\u00edticas, empresariales y sociales reaccionarias, dieron un\u00a0golpe de Estado\u00a0-por v\u00eda parlamentaria- que result\u00f3 en la substituci\u00f3n de la presidente progresista\u00a0Dilma Rousseff\u00a0por su vicepresidente Michel Temer, un pol\u00edtico conservador\u00bb, comienza el texto.<\/p>\n<p>\u00abLa reforma laboral que se llev\u00f3 a cabo con el aval de sectores concentrados de la econom\u00eda y legisladores que dieron la espalda al pueblo, asesta un mazazo al plexo laboral que protege a la fuerza del trabajo.\u00a0Hicieron un centenar de modificaciones propuestas por escritorios de abogados y entidades empresariales. Su aprobaci\u00f3n fue fulminante en ambas c\u00e1maras. El presidente ileg\u00edtimo ya la promulg\u00f3 y entra en vigor en 4 meses\u00bb, contin\u00faa la evaluaci\u00f3n de la central obrera argentina.<\/p>\n<p>El texto tambi\u00e9n destaca que seg\u00fan especialistas, la contrarreforma laboral afecta negativamente\u00a0\u00abm\u00e1s de 120 aspectos individuales y colectivos que proteg\u00edan las condiciones de trabajo\u00bb\u00a0y ofrecen un listado exhaustivo de los mismos:<\/p>\n<p>Permite la negociaci\u00f3n individual entre el patrono y el trabajador.<\/p>\n<p>Elimina la idea de jornada de trabajo, crea el trabajo intermitente.<\/p>\n<p>Permitir\u00e1 el despido por com\u00fan acuerdo entre empleador y trabajador.<\/p>\n<p>Inutiliza el salario m\u00ednimo nacional y los pisos salariales por gremio.<\/p>\n<p>Bloquea caminos que hasta ahora el trabajador ten\u00eda para reivindicar sus derechos ante la justicia laboral.<\/p>\n<p>Permite que la negociaci\u00f3n colectiva con el patr\u00f3n reduzca derechos que a\u00fan quedan en la ley.<\/p>\n<p>Se permite el trabajo de mujeres embarazadas en ambientes considerados insalubres.<\/p>\n<p>La reforma inviabiliza la ley que reglament\u00f3 la convenci\u00f3n sobre el trabajo dom\u00e9stico y que garantiz\u00f3 derechos hist\u00f3ricos a las trabajadoras del hogar.<\/p>\n<p>Se podr\u00e1 pagar al trabajador\/a por periodo trabajado, recibiendo por horas o a diario.<\/p>\n<p>Elimina el financiamiento a los sindicatos, que era obligatorio desde los a\u00f1os 40.<\/p>\n<p>Destaque especial merece el impacto que tendr\u00e1 la reforma laboral para la acci\u00f3n colectiva y la propia existencia del sindicato.<\/p>\n<p>Al imponer la \u00abnegociaci\u00f3n\u00bb entre el trabajador y el patrono, sin presencia del sindicato, se facilitar\u00e1 la imposici\u00f3n de condiciones por debajo del acuerdo colectivo, cuando \u00e9ste exista.<\/p>\n<p>Dif\u00edcilmente un\/a trabajador\/a con riesgo de perder su empleo o sufrir otras discriminaciones pueda enfrentar el poder del patrono y de la empresa.<\/p>\n<p>Al facilitar la contrataci\u00f3n a destajo, por horas o por producci\u00f3n, el trabajador\/a est\u00e1 expuesto a una situaci\u00f3n de permanente inestabilidad en el empleo y el sindicato ver\u00e1 minada su estructura de afiliaci\u00f3n.<\/p>\n<p>La tercerizaci\u00f3n extendida profundizar\u00e1 la condici\u00f3n de trabajadores\/as de primera (fijos y con contrato colectivo) y de segunda (tercerizados), donde los primeros ser\u00e1n cada vez menos y la mayor\u00eda no ser\u00e1 amparada por la negociaci\u00f3n colectiva.<\/p>\n<p>Por \u00faltimo, la central obrera advierte que si bien Brasil fue punta de lanza de esta avanzada,\u00a0\u00e9ste \u00abes el proyecto de las fuerzas de derecha de la Argentina hoy en el poder, hacer retroceder las condiciones laborales a lo que eran hace 100 a\u00f1os\u00bb.<\/p>\n<p>\u00abEs por ello que repudiamos la presencia de quien encarna la ideolog\u00eda que ataca los derechos de los trabajadores y con ello tambi\u00e9n a quienes en nuestro pa\u00eds pretenden volver a \u00e9pocas de &#8216;patr\u00f3n costas&#8217;: los derechos de los trabajadores no podr\u00e1n ser usados en beneficio del lucro empresario\u00bb,\u00a0concluye el comunicado.<\/p>\n<h6>Fuetne: InfoNews<\/h6>\n","protected":false},"excerpt":{"rendered":"<p>La Central obrera emiti\u00f3 un comunicado en el marco de la Cumbre del Mercosur. \u00abRepudiamos la presencia de quien encarna la ideolog\u00eda que ataca los derechos de los trabajadores y con ello tambi\u00e9n a quienes en nuestro pa\u00eds pretenden volver a \u00e9pocas de &#8216;patr\u00f3n de costas'\u00bb, se\u00f1alaron.<\/p>\n","protected":false},"author":2,"featured_media":65687,"comment_status":"closed","ping_status":"closed","sticky":false,"template":"","format":"standard","meta":{"footnotes":""},"categories":[8],"tags":[21],"class_list":["post-65686","post","type-post","status-publish","format-standard","has-post-thumbnail","hentry","category-informe-nacional","tag-argentina"],"_links":{"self":[{"href":"http:\/\/argentinamunicipal.com.ar\/argentina\/wp-json\/wp\/v2\/posts\/65686","targetHints":{"allow":["GET"]}}],"collection":[{"href":"http:\/\/argentinamunicipal.com.ar\/argentina\/wp-json\/wp\/v2\/posts"}],"about":[{"href":"http:\/\/argentinamunicipal.com.ar\/argentina\/wp-json\/wp\/v2\/types\/post"}],"author":[{"embeddable":true,"href":"http:\/\/argentinamunicipal.com.ar\/argentina\/wp-json\/wp\/v2\/users\/2"}],"replies":[{"embeddable":true,"href":"http:\/\/argentinamunicipal.com.ar\/argentina\/wp-json\/wp\/v2\/comments?post=65686"}],"version-history":[{"count":0,"href":"http:\/\/argentinamunicipal.com.ar\/argentina\/wp-json\/wp\/v2\/posts\/65686\/revisions"}],"wp:featuredmedia":[{"embeddable":true,"href":"http:\/\/argentinamunicipal.com.ar\/argentina\/wp-json\/wp\/v2\/media\/65687"}],"wp:attachment":[{"href":"http:\/\/argentinamunicipal.com.ar\/argentina\/wp-json\/wp\/v2\/media?parent=65686"}],"wp:term":[{"taxonomy":"category","embeddable":true,"href":"http:\/\/argentinamunicipal.com.ar\/argentina\/wp-json\/wp\/v2\/categories?post=65686"},{"taxonomy":"post_tag","embeddable":true,"href":"http:\/\/argentinamunicipal.com.ar\/argentina\/wp-json\/wp\/v2\/tags?post=65686"}],"curies":[{"name":"wp","href":"https:\/\/api.w.org\/{rel}","templated":true}]}}