{"id":65689,"date":"2017-07-24T07:16:45","date_gmt":"2017-07-24T10:16:45","guid":{"rendered":"http:\/\/argentinamunicipal.com.ar\/argentina\/?p=65689"},"modified":"2017-07-24T07:16:45","modified_gmt":"2017-07-24T10:16:45","slug":"abogado-abuelas-gano-concurso-fiscal-macri-retiro-pliego","status":"publish","type":"post","link":"http:\/\/argentinamunicipal.com.ar\/argentina\/abogado-abuelas-gano-concurso-fiscal-macri-retiro-pliego\/","title":{"rendered":"Es abogado de Abuelas, gan\u00f3 el concurso para fiscal pero Macri retir\u00f3 su pliego"},"content":{"rendered":"<p>La v\u00edctima es un abogado de Abuelas de Plaza de Mayo, La palabra de Estela sobre el hecho.<\/p>\n<p>Alan Iud\u00a0tiene 36 a\u00f1os y es, desde hace once, parte del grupo de abogados que trabajan con\u00a0Abuelas de Plaza de Mayo. Se postul\u00f3 en 2014 para ocupar un cargo como fiscal y, pese a que su pliego estaba aprobado desde principios de julio, la Casa Rosada orden\u00f3 retirarlo y trunc\u00f3 su carrera judicial.<\/p>\n<p>&nbsp;<\/p>\n<p>\u201cEs un acto discriminatorio\u201d, afirm\u00f3\u00a0Estela Carlotto, titular de Abuelas, a P\u00e1gina 12, diario que hoy publica la noticia sobre el hecho, que se hizo efectivo el 14 de este mes a trav\u00e9s de un mensaje firmado por el\u00a0ministro de Justicia y Derechos Humanos, Germ\u00e1n Garavano, junto al presidente\u00a0Mauricio Macri.<\/p>\n<p>Por su parte, desde el PJ, el senador Rodolfo Urtubey, de la Comisi\u00f3n de Acuerdos (que deb\u00eda ratificar el pliego) dijo que no hab\u00eda en el Senado \u00abninguna objeci\u00f3n sobre el candidato\u00bb.<\/p>\n<p>Cuando Iud concurs\u00f3 en 2014 para el cargo de fiscal de la Procuraci\u00f3n sali\u00f3 primero en la sumatoria de los ex\u00e1menes oral y escrito y quinto en la lista luego del c\u00f3mputo de los antecedentes. Poco antes de terminar su segundo mandato, Cristina Fern\u00e1ndez envi\u00f3 su pliego al Senado, aunque, al asumir, Macri lo retir\u00f3 para revisarlo junto con el de otros treinta candidatos que no ca\u00edan en gracia del equipo de Cambiemos.<\/p>\n<p>\u201cNo puedo pensar bien de un gobierno que discrimina y de un parlamento que apoya esa discriminaci\u00f3n. Es muy desagradable. Es una persona de alta capacidad y la capacidad y la honestidad tendr\u00e1n que estar por encima de cualquier diferencia. Est\u00e1 pasando con muchas personas, si no sos de determinado partido pol\u00edtico te echan o no te dan empleo. Alan Iud rindi\u00f3 todo de manera satisfactoria y tiene una importante trayectoria de trabajo con las Abuelas de Plaza de Mayo. Pero pareciera que llev\u00f3 adelante juicios que afectaron a ciertos sectores\u201d, destac\u00f3 Estela.<\/p>\n<p>Hasta el momento el abogado de Abuelas no recibi\u00f3 ninguna impugnaci\u00f3n salvo la que, de hecho, aplic\u00f3 la Casa Rosada al retirar el pliego, en un gesto de clarapersecuci\u00f3n pol\u00edtica.<\/p>\n<p>Para darse una idea del perfil que Macri no quiere entre los fiscales vale la pena destacar que Iud particip\u00f3 de\u00a0decenas de causas vinculadas a\u00a0delitos de lesa humanidad, tales como el juicio oral que determin\u00f3 que hubo un\u00a0Plan Sistem\u00e1tico de robo de ni\u00f1os durante la \u00faltima dictadura c\u00edvico militar.\u00a0Y, sobre todo, el abogado intervino en la denuncia contra la\u00a0due\u00f1a de Clar\u00edn, Ernestina Herrera de Noble, por la presunta apropiaci\u00f3n de sus hijos adoptivos.<\/p>\n<h6>Fuetne: InfoNews<\/h6>\n","protected":false},"excerpt":{"rendered":"<p>La v\u00edctima es un abogado de Abuelas de Plaza de Mayo, La palabra de Estela sobre el hecho.<\/p>\n","protected":false},"author":2,"featured_media":65690,"comment_status":"closed","ping_status":"closed","sticky":false,"template":"","format":"standard","meta":{"footnotes":""},"categories":[8],"tags":[21],"class_list":["post-65689","post","type-post","status-publish","format-standard","has-post-thumbnail","hentry","category-informe-nacional","tag-argentina"],"_links":{"self":[{"href":"http:\/\/argentinamunicipal.com.ar\/argentina\/wp-json\/wp\/v2\/posts\/65689","targetHints":{"allow":["GET"]}}],"collection":[{"href":"http:\/\/argentinamunicipal.com.ar\/argentina\/wp-json\/wp\/v2\/posts"}],"about":[{"href":"http:\/\/argentinamunicipal.com.ar\/argentina\/wp-json\/wp\/v2\/types\/post"}],"author":[{"embeddable":true,"href":"http:\/\/argentinamunicipal.com.ar\/argentina\/wp-json\/wp\/v2\/users\/2"}],"replies":[{"embeddable":true,"href":"http:\/\/argentinamunicipal.com.ar\/argentina\/wp-json\/wp\/v2\/comments?post=65689"}],"version-history":[{"count":0,"href":"http:\/\/argentinamunicipal.com.ar\/argentina\/wp-json\/wp\/v2\/posts\/65689\/revisions"}],"wp:featuredmedia":[{"embeddable":true,"href":"http:\/\/argentinamunicipal.com.ar\/argentina\/wp-json\/wp\/v2\/media\/65690"}],"wp:attachment":[{"href":"http:\/\/argentinamunicipal.com.ar\/argentina\/wp-json\/wp\/v2\/media?parent=65689"}],"wp:term":[{"taxonomy":"category","embeddable":true,"href":"http:\/\/argentinamunicipal.com.ar\/argentina\/wp-json\/wp\/v2\/categories?post=65689"},{"taxonomy":"post_tag","embeddable":true,"href":"http:\/\/argentinamunicipal.com.ar\/argentina\/wp-json\/wp\/v2\/tags?post=65689"}],"curies":[{"name":"wp","href":"https:\/\/api.w.org\/{rel}","templated":true}]}}