{"id":65708,"date":"2017-07-24T07:51:51","date_gmt":"2017-07-24T10:51:51","guid":{"rendered":"http:\/\/argentinamunicipal.com.ar\/argentina\/?p=65708"},"modified":"2017-07-24T07:51:51","modified_gmt":"2017-07-24T10:51:51","slug":"paso-asi-sera-la-boleta-unica-los-43-precandidatos-concejal-rosario","status":"publish","type":"post","link":"http:\/\/argentinamunicipal.com.ar\/argentina\/paso-asi-sera-la-boleta-unica-los-43-precandidatos-concejal-rosario\/","title":{"rendered":"Paso: as\u00ed ser\u00e1 la boleta \u00fanica de los 43 precandidatos a concejal en Rosario"},"content":{"rendered":"<p>A tres semanas de las elecciones primarias, se dio a conocer c\u00f3mo estar\u00e1 confeccionada la boleta de cargos locales.<\/p>\n<p>Se dio a conocer c\u00f3mo ser\u00e1 una de las boletas de las elecciones Primarias Abiertas Simult\u00e1neas y Obligatorias (Paso) del domingo 13 de agosto.<\/p>\n<p>La misma, de color amarillo, representa a la elecci\u00f3n a concejales, donde aparecen 43 precandidatos, cada uno con su respectiva lista.<\/p>\n<p>Algunos pol\u00edticos a\u00fan figuran sin su foto, mientras que otros eligieron algunas particularidades para la imagen de su lista. Ariel Cozzoni, ex jugador leproso, opt\u00f3 por un coraz\u00f3n rojo y negro; y otro m\u00e1s opt\u00f3 por un emoji.<\/p>\n<p>El m\u00e9todo de votaci\u00f3n ser\u00e1 como en las elecciones provinciales anteriores. El votante deber\u00e1 marcar una cruz en el casillero con fondo blanco ubicado a un costado de la foto del candidato por el que quiere votar. Distinta ser\u00e1 la modalidad para elegir los candidatos a diputados nacionales.<\/p>\n<h6>Fuente:\u00a0Sin Mordaza<\/h6>\n","protected":false},"excerpt":{"rendered":"<p>A tres semanas de las elecciones primarias, se dio a conocer c\u00f3mo estar\u00e1 confeccionada la boleta de cargos locales. <\/p>\n","protected":false},"author":2,"featured_media":65709,"comment_status":"closed","ping_status":"closed","sticky":false,"template":"","format":"standard","meta":{"footnotes":""},"categories":[4],"tags":[10],"class_list":["post-65708","post","type-post","status-publish","format-standard","has-post-thumbnail","hentry","category-informe-politico","tag-santa-fe"],"_links":{"self":[{"href":"http:\/\/argentinamunicipal.com.ar\/argentina\/wp-json\/wp\/v2\/posts\/65708","targetHints":{"allow":["GET"]}}],"collection":[{"href":"http:\/\/argentinamunicipal.com.ar\/argentina\/wp-json\/wp\/v2\/posts"}],"about":[{"href":"http:\/\/argentinamunicipal.com.ar\/argentina\/wp-json\/wp\/v2\/types\/post"}],"author":[{"embeddable":true,"href":"http:\/\/argentinamunicipal.com.ar\/argentina\/wp-json\/wp\/v2\/users\/2"}],"replies":[{"embeddable":true,"href":"http:\/\/argentinamunicipal.com.ar\/argentina\/wp-json\/wp\/v2\/comments?post=65708"}],"version-history":[{"count":0,"href":"http:\/\/argentinamunicipal.com.ar\/argentina\/wp-json\/wp\/v2\/posts\/65708\/revisions"}],"wp:featuredmedia":[{"embeddable":true,"href":"http:\/\/argentinamunicipal.com.ar\/argentina\/wp-json\/wp\/v2\/media\/65709"}],"wp:attachment":[{"href":"http:\/\/argentinamunicipal.com.ar\/argentina\/wp-json\/wp\/v2\/media?parent=65708"}],"wp:term":[{"taxonomy":"category","embeddable":true,"href":"http:\/\/argentinamunicipal.com.ar\/argentina\/wp-json\/wp\/v2\/categories?post=65708"},{"taxonomy":"post_tag","embeddable":true,"href":"http:\/\/argentinamunicipal.com.ar\/argentina\/wp-json\/wp\/v2\/tags?post=65708"}],"curies":[{"name":"wp","href":"https:\/\/api.w.org\/{rel}","templated":true}]}}