{"id":65711,"date":"2017-07-24T07:55:16","date_gmt":"2017-07-24T10:55:16","guid":{"rendered":"http:\/\/argentinamunicipal.com.ar\/argentina\/?p=65711"},"modified":"2017-07-24T07:55:16","modified_gmt":"2017-07-24T10:55:16","slug":"segun-la-came-volvio-bajar-la-produccion-las-pymes","status":"publish","type":"post","link":"http:\/\/argentinamunicipal.com.ar\/argentina\/segun-la-came-volvio-bajar-la-produccion-las-pymes\/","title":{"rendered":"Seg\u00fan la CAME, volvi\u00f3 a bajar la producci\u00f3n de las pymes"},"content":{"rendered":"<p>El ente que re\u00fane a las peque\u00f1as y medianas empresas agreg\u00f3 que la tendencia negativa lleva 21 meses. Sin embargo, reconoci\u00f3 que en junio se \u00abdesaceler\u00f3 el descenso\u00bb.<\/p>\n<p>La producci\u00f3n de las pymes industriales baj\u00f3 0,5% en junio respecto de mismo mes del a\u00f1o pasado y acumul\u00f3 as\u00ed 21 meses consecutivos con tendencia negativa, se\u00f1al\u00f3 este domingo la Confederaci\u00f3n Argentina de la Mediana Empresa (CAME).<\/p>\n<p>El informe aclar\u00f3 que, si bien el sector cumpli\u00f3 21 meses seguidos en baja, en junio \u00abse desaceler\u00f3 significativamente la tasa de descenso\u00bb.<\/p>\n<p>\u00abA pesar de cierta mejora a nivel general en la industria pyme, la informaci\u00f3n que surge de la encuesta cualitativa es menos alentadora\u00bb, advirti\u00f3 el estudio y argument\u00f3 que \u00abel 61% de las firmas tiene decidido no realizar nuevas inversiones este a\u00f1o y otro 10% lo est\u00e1 evaluando\u00bb.<\/p>\n<p>En ese sentido, puntualiz\u00f3 que \u00abun 29% eligi\u00f3 invertir, a pesar de que la mayor\u00eda dice que no es el mejor momento\u00bb.<\/p>\n<p>Los datos surgen de la encuesta mensual industrial realizada por la CAME entre 250 pymes del rubro en el pa\u00eds. El sondeo arroj\u00f3, de ese modo, que la producci\u00f3n de las pymes industriales cay\u00f3 0,5% en junio frente a igual mes del a\u00f1o pasado, mientras estim\u00f3 que acumul\u00f3 un declive del 2,6% anual en<br \/>\nlos primeros seis meses del a\u00f1o.<\/p>\n<p>\u00abLa proporci\u00f3n de empresas con alzas anuales subi\u00f3 a 38% mostrando un universo mayor de firmas en recuperaci\u00f3n\u00bb, destac\u00f3 el presidente de la entidad, Fabi\u00e1n Tarr\u00edo.<\/p>\n<p>En cambio, la cantidad de firmas en baja represent\u00f3 el 43,5% del total, mientras el 18,5% se mantuvo sin variaci\u00f3n.<\/p>\n<p>De los 11 sectores mejoraron Material de Transporte con 9,8%; Alimentos y bebidas con 1,2% y Productos de Caucho y pl\u00e1stico con 7%.<\/p>\n<p>En el otro extremo se ubicaron Calzado y marroquiner\u00eda con una ca\u00edda de 7,7%, Minerales no met\u00e1licos con un descenso de 4,9% y Maderas y Muebles con una baja de 4,5%.<\/p>\n<p>Consider\u00f3 que \u00abun factor que ayud\u00f3 a deteriorar un poco el \u00e1nimo de los industriales en junio fue la suba del\u00a0d\u00f3lar\u00bb y subray\u00f3 que \u00abel 63% dice que el incremento de la divisa incidi\u00f3 en sus costos de producci\u00f3n, aunque s\u00f3lo el 36% lo traslad\u00f3 a sus precios de ventas\u00bb.<\/p>\n<p>Con relaci\u00f3n a la situaci\u00f3n de cada industria, indic\u00f3 que \u00abel 53% de los empresarios la defini\u00f3 entre regular y mala, mientras otro 7% dijo que es cr\u00edtica\u00bb. Adem\u00e1s, se\u00f1al\u00f3 que \u00abel 35% la consider\u00f3 buena y s\u00f3lo el 2% como muy buena\u00bb.<\/p>\n<h6>Fuetne: Uno Mendoza<\/h6>\n","protected":false},"excerpt":{"rendered":"<p>El ente que re\u00fane a las peque\u00f1as y medianas empresas agreg\u00f3 que la tendencia negativa lleva 21 meses. Sin embargo, reconoci\u00f3 que en junio se \u00abdesaceler\u00f3 el descenso\u00bb.<\/p>\n","protected":false},"author":2,"featured_media":65712,"comment_status":"closed","ping_status":"closed","sticky":false,"template":"","format":"standard","meta":{"footnotes":""},"categories":[8],"tags":[21],"class_list":["post-65711","post","type-post","status-publish","format-standard","has-post-thumbnail","hentry","category-informe-nacional","tag-argentina"],"_links":{"self":[{"href":"http:\/\/argentinamunicipal.com.ar\/argentina\/wp-json\/wp\/v2\/posts\/65711","targetHints":{"allow":["GET"]}}],"collection":[{"href":"http:\/\/argentinamunicipal.com.ar\/argentina\/wp-json\/wp\/v2\/posts"}],"about":[{"href":"http:\/\/argentinamunicipal.com.ar\/argentina\/wp-json\/wp\/v2\/types\/post"}],"author":[{"embeddable":true,"href":"http:\/\/argentinamunicipal.com.ar\/argentina\/wp-json\/wp\/v2\/users\/2"}],"replies":[{"embeddable":true,"href":"http:\/\/argentinamunicipal.com.ar\/argentina\/wp-json\/wp\/v2\/comments?post=65711"}],"version-history":[{"count":0,"href":"http:\/\/argentinamunicipal.com.ar\/argentina\/wp-json\/wp\/v2\/posts\/65711\/revisions"}],"wp:featuredmedia":[{"embeddable":true,"href":"http:\/\/argentinamunicipal.com.ar\/argentina\/wp-json\/wp\/v2\/media\/65712"}],"wp:attachment":[{"href":"http:\/\/argentinamunicipal.com.ar\/argentina\/wp-json\/wp\/v2\/media?parent=65711"}],"wp:term":[{"taxonomy":"category","embeddable":true,"href":"http:\/\/argentinamunicipal.com.ar\/argentina\/wp-json\/wp\/v2\/categories?post=65711"},{"taxonomy":"post_tag","embeddable":true,"href":"http:\/\/argentinamunicipal.com.ar\/argentina\/wp-json\/wp\/v2\/tags?post=65711"}],"curies":[{"name":"wp","href":"https:\/\/api.w.org\/{rel}","templated":true}]}}