{"id":65744,"date":"2017-07-25T06:49:03","date_gmt":"2017-07-25T09:49:03","guid":{"rendered":"http:\/\/argentinamunicipal.com.ar\/argentina\/?p=65744"},"modified":"2017-07-25T06:49:03","modified_gmt":"2017-07-25T09:49:03","slug":"taiana-duran-barba-dijo-lo-piensa-mauricio-macri-los-humildes","status":"publish","type":"post","link":"http:\/\/argentinamunicipal.com.ar\/argentina\/taiana-duran-barba-dijo-lo-piensa-mauricio-macri-los-humildes\/","title":{"rendered":"Taiana: \u00abDur\u00e1n Barba dijo lo que piensa Mauricio Macri sobre los humildes\u00bb"},"content":{"rendered":"<p>El precandidato a senador de Unidad Ciudadana dijo que el asesor ecuatoriano adem\u00e1s debe \u00abpedirle disculpas al pueblo argentino\u00bb por sus declaraciones sobre los votantes kirchneristas.<\/p>\n<p>El precandidato a senador de Unidad Ciudadana Jorge Taiana afirm\u00f3 que el presidente Mauricio Macri \u00abdebiera desautorizar\u00bb al asesor ecuatoriano Jaime Dur\u00e1n Barba, adem\u00e1s de \u00abpedirle disculpas al pueblo argentino\u00bb por sus declaraciones sobre los votantes kirchneristas. Sostuvo que\u00a0\u201clo que vemos no es el pensamiento de Dur\u00e1n Barba, sino el pensamiento de Macri y su gobierno\u201d.<\/p>\n<p>El oficialismo \u00abest\u00e1 cuestionando el poder transformador del voto porque saben que es la herramienta transformadora de la mayor\u00eda\u00bb, sostuvo en declaraciones a Radio 10.<\/p>\n<p>\u00abMacri debiera desautorizar a Dur\u00e1n Barba y pedirle perd\u00f3n al pueblo argentino\u00bb porque \u00abno se puede descalificar y faltarle el respeto al pueblo y a los sectores humildes\u00bb, manifest\u00f3.<\/p>\n<p>\u00abMacri debiera desautorizarlo a Dur\u00e1n Barba y pedirle disculpas al pueblo argentino\u00bb, asegur\u00f3 Taiana en alusi\u00f3n dichos en una columna de opini\u00f3n de Dur\u00e1n Barba en el quincenario Perfil seg\u00fan los cuales entre quienes votan a Cristina Fern\u00e1ndez de Kirchner est\u00e1n \u00abmuy probablemente\u00bb los de quienes est\u00e1n \u00abvinculados a la econom\u00eda informal, producen o venden mercader\u00edas con marcas falsificadas, viven de subsidios o es parte del mill\u00f3n de personas vinculadas al narcomenudeo en la ciudad y en la provincia\u00bb.<\/p>\n<p>Sostuvo que tales dichos no fueron parte de \u00abun exabrupto o una conversaci\u00f3n, sino que es una nota escrita, pensada, razonada\u00bb, por lo que consider\u00f3 que desde el Gobierno \u00abno se puede descalificar y faltarle el respeto al pueblo y a los sectores humildes\u00bb.<\/p>\n<p>\u00abM\u00e1s que hablar del asesor del presidente, que es quien verbaliz\u00f3 y escribi\u00f3 eso, hay que hablar del Presidente, que es quien lo dirige\u00bb, apunt\u00f3 Taiana, para quien el asesor del gobierno representa \u00abun viejo pensamiento elitista y despreciativo a la democracia\u00bb.<\/p>\n<p>\u00abSon los que creen que el voto debe ser calificado que hay gente que no debe votar\u00bb, opin\u00f3 el precandidato de Unidad Ciudadana a senador por la provincia de Buenos Aires, actual legislador del Parlasur y ex canciller.<\/p>\n<p>\u201cLos mismos que antes eran considerados animales porque quer\u00edan a Per\u00f3n ahora son casi infrahumanos por votar\u00bb a la ex presidenta Cristina Fern\u00e1ndez de Kirchner\u201d, puntualiz\u00f3.<\/p>\n<p>A juicio de Taiana, en el Gobierno \u201cest\u00e1n asustados por el poder transformador del voto y por eso intentan descalificarlo\u201d.<\/p>\n<h6>Fuente: InfoNews<\/h6>\n","protected":false},"excerpt":{"rendered":"<p>El precandidato a senador de Unidad Ciudadana dijo que el asesor ecuatoriano adem\u00e1s debe \u00abpedirle disculpas al pueblo argentino\u00bb por sus declaraciones sobre los votantes kirchneristas.<\/p>\n","protected":false},"author":2,"featured_media":65745,"comment_status":"closed","ping_status":"closed","sticky":false,"template":"","format":"standard","meta":{"footnotes":""},"categories":[8],"tags":[21],"class_list":["post-65744","post","type-post","status-publish","format-standard","has-post-thumbnail","hentry","category-informe-nacional","tag-argentina"],"_links":{"self":[{"href":"http:\/\/argentinamunicipal.com.ar\/argentina\/wp-json\/wp\/v2\/posts\/65744","targetHints":{"allow":["GET"]}}],"collection":[{"href":"http:\/\/argentinamunicipal.com.ar\/argentina\/wp-json\/wp\/v2\/posts"}],"about":[{"href":"http:\/\/argentinamunicipal.com.ar\/argentina\/wp-json\/wp\/v2\/types\/post"}],"author":[{"embeddable":true,"href":"http:\/\/argentinamunicipal.com.ar\/argentina\/wp-json\/wp\/v2\/users\/2"}],"replies":[{"embeddable":true,"href":"http:\/\/argentinamunicipal.com.ar\/argentina\/wp-json\/wp\/v2\/comments?post=65744"}],"version-history":[{"count":0,"href":"http:\/\/argentinamunicipal.com.ar\/argentina\/wp-json\/wp\/v2\/posts\/65744\/revisions"}],"wp:featuredmedia":[{"embeddable":true,"href":"http:\/\/argentinamunicipal.com.ar\/argentina\/wp-json\/wp\/v2\/media\/65745"}],"wp:attachment":[{"href":"http:\/\/argentinamunicipal.com.ar\/argentina\/wp-json\/wp\/v2\/media?parent=65744"}],"wp:term":[{"taxonomy":"category","embeddable":true,"href":"http:\/\/argentinamunicipal.com.ar\/argentina\/wp-json\/wp\/v2\/categories?post=65744"},{"taxonomy":"post_tag","embeddable":true,"href":"http:\/\/argentinamunicipal.com.ar\/argentina\/wp-json\/wp\/v2\/tags?post=65744"}],"curies":[{"name":"wp","href":"https:\/\/api.w.org\/{rel}","templated":true}]}}