{"id":65747,"date":"2017-07-25T06:53:09","date_gmt":"2017-07-25T09:53:09","guid":{"rendered":"http:\/\/argentinamunicipal.com.ar\/argentina\/?p=65747"},"modified":"2017-07-25T06:53:09","modified_gmt":"2017-07-25T09:53:09","slug":"la-reforma-laboral-inspira-macri","status":"publish","type":"post","link":"http:\/\/argentinamunicipal.com.ar\/argentina\/la-reforma-laboral-inspira-macri\/","title":{"rendered":"La reforma laboral que inspira a Macri"},"content":{"rendered":"<p>El gobierno golpista de Michel Temer consigui\u00f3 la aprobaci\u00f3n en el Congreso de una reforma laboral que avanza sobre los derechos de los trabajadores. En di\u00e1logo con P\u00e1ginaI12, un dirigente de la CUT advierte que ese objetivo se extiende a toda Am\u00e9rica latina.<\/p>\n<p>El gobierno argentino est\u00e1 convencido en avanzar con una reforma laboral que vaya en l\u00ednea con los cambios en la legislaci\u00f3n del trabajo aplicados recientemente en Brasil. En la regi\u00f3n soplan los vientos de una profunda flexibilizaci\u00f3n del trabajo, un camino que ya fue adoptado en la Argentina en los 90, con consecuencias sociales muy negativas. Sin embargo, los argumentos se repiten. P\u00e1ginaI12 entrevist\u00f3 a Maicon Michel, secretario de Relaciones Internacionales de la Central Unica de los Trabajadores (CUT) de Brasil, la principal organizaci\u00f3n obrera del pa\u00eds vecino, para conocer c\u00f3mo es la reforma que inspira a Mauricio Macri. \u201cLa reforma laboral implica un retroceso de m\u00e1s de 70 a\u00f1os en los derechos de los trabajadores brasile\u00f1os\u201d, explica Michel. El dirigente analiza los argumentos que esgrime el Gobierno golpista de Michel Temer a favor de la reforma, el papel de los medios, la situaci\u00f3n pol\u00edtica de Brasil, la ola de represi\u00f3n, el nuevo alineamiento internacional y el papel de Lula Da Silva.<\/p>\n<p>\u2013\u00bfCu\u00e1l es el eje de la reforma laboral de Brasil recientemente sancionada?<\/p>\n<p>\u2013El eje es la desregulaci\u00f3n de las relaciones laborales, cuyo principal punto es el contrato intermitente, que es tremendamente perjudicial para el trabajador. El contrato intermitente permite que el empleado trabaje una hora o dos horas y luego vuelva a la casa. Y dos d\u00edas despu\u00e9s trabajar tres o cuatro horas m\u00e1s. El resultado es que se van a necesitar varios empleos para llegar a un salario digno. Se pierde la continuidad del trabajo. No hay una l\u00f3gica de trabajo mensual o semanal. Los patrones utilizan la fuerza de trabajo a su voluntad, no hay hora para almuerzo, tampoco para descanso.<\/p>\n<p>\u2013\u00bfEste tipo de contratos nunca hab\u00edan existido en Brasil?<\/p>\n<p>\u2013No. En la legislaci\u00f3n laboral brasile\u00f1a la jornada durante los \u00faltimos gobiernos democr\u00e1tico-populares de Lula y Dilma se baj\u00f3 a 40 horas semanales sin reducci\u00f3n de salario, cuando desde 1940 (con una reforma en 1988) era de 44 horas semanales. Ahora quieren la desregulaci\u00f3n total, que implica que habr\u00e1 que trabajar mucho m\u00e1s para conseguir un tercio del salario actual. Otras cosas, por ejemplo: la empresa ya no est\u00e1 obligada a proporcionar el equipamiento de seguridad en el trabajo. En varios casos, ahora el propio trabajador tiene que comprarlo. Tampoco hay plan de salud con los nuevos contratos. Y si el trabajador tiene un accidente, es problema suyo.<\/p>\n<p>\u2013\u00bfCu\u00e1l es el argumento del Gobierno y los empresarios para justificar la aplicaci\u00f3n de la reforma?<\/p>\n<p>\u2013Ellos dicen que se van a crear m\u00e1s empleos. Pero la experiencia mexicana y la espa\u00f1ola, en donde se aplicaron este tipo de reformas, demuestra claramente \u00a0que no es un avance para la clase trabajadora. Por ejemplo, si trabajo en una transnacional ensambladora de autos y gano 5 mil reales por mes, ellos me pueden despedir ahora y luego de un a\u00f1o me contratan nuevamente bajo el nuevo tipo de contrato, por el que me pueden pagar como mucho mil reales por mes. Si vas a trabajar tres o cuatro horas, entonces obviamente hay m\u00e1s gente empleada, pero los sueldos van a ser baj\u00edsimos y las condiciones de trabajo estar\u00e1n totalmente precarizadas.<\/p>\n<p>\u2013\u00bfEsperan que los empresarios trasladen trabajadores desde el r\u00e9gimen \u201ctradicional\u201d al nuevo?<\/p>\n<p>\u2013Claro. Ellos dicen que van a bajar el desempleo, pero la forma que proponen es totalmente cruel para los trabajadores. Con los gobiernos de Lula y Dilma ten\u00edamos una tasa de desempleo de 4,5 por ciento. Ahora en un a\u00f1o y medio subi\u00f3 hasta casi el 15 por ciento a causa de las medidas econ\u00f3micas que tomaron. Cuando se reduce el sueldo del trabajador, ese trabajador no compra y la empresa no produce, entonces los proveedores de insumos tampoco venden y se arma un c\u00edrculo vicioso que traba la econom\u00eda. En cambio, cuando colocas al trabajador como base econ\u00f3mica, puede comprar y generar un c\u00edrculo virtuoso.<\/p>\n<p>\u2013\u00bfQu\u00e9 sectores del empresariado de Brasil impulsaron la reforma laboral?<\/p>\n<p>\u2013Todos los sectores industriales. Esto no es algo aislado, est\u00e1 sucediendo en todo los pa\u00edses perif\u00e9ricos. Es decir, no es algo aislado. Por eso la resistencia tiene que ser en conjunto. La idea principal en este nuevo contexto laboral es que tengamos una fuerza de trabajo desorganizada y con salarios bajos. Esta reforma laboral tambi\u00e9n va en contra de los sindicatos.<\/p>\n<p>\u2013\u00bfC\u00f3mo eval\u00faa la respuesta del movimiento obrero ante la embestida del Gobierno con la reforma laboral?<\/p>\n<p>\u2013Hay varios puntos para analizar. Por un lado, antes del golpe a Dilma, todas las centrales sindicales de Brasil estaban en la calle. Al mismo tiempo, los medios de comunicaci\u00f3n han tenido un papel principal, porque bombardean diariamente a todo momento diciendo que \u201cesto es bueno para los pueblos, que esto va a bajar el desempleo, que esto va a traer modernizaci\u00f3n, que es el siglo XXI, la industria 4.0\u201d. Todo es una broma. Los movimientos sociales salieron a la calle a manifestarse en contra de la reforma, pero la represi\u00f3n fue muy grande. Tuvimos un escenario de guerra civil en Brasilia, Salvador, San Pablo y Pernambuco. El 78 por ciento del Congreso Nacional est\u00e1 compuesto por empresarios, que adem\u00e1s de ser corruptos est\u00e1n legislando para causas propias.<\/p>\n<p>\u2013Algunos analistas plantean que con la reforma laboral, el gobierno de Michel Temer cumpli\u00f3 su principal objetivo.<\/p>\n<p>\u2013Es un objetivo central de los golpistas, pero no el \u00fanico. En t\u00e9rmino generales, creo que el principal motivo del golpe fue frenar los avances logrados con los gobiernos de Lula y Dilma. Pero hay que tener en cuenta que con esta reforma se retrocede m\u00e1s de 70 a\u00f1os en las relaciones laborales. Tambi\u00e9n buscan avanzar con una nueva legislaci\u00f3n previsional, en donde proponen que los trabajadores tengan 49 a\u00f1os de aportes para recibir su jubilaci\u00f3n, cuando ese n\u00famero est\u00e1 en la actualidad en 35 a\u00f1os. Lo terrible es que con el nuevo r\u00e9gimen de trabajo intermitente, ser\u00e1 mucho m\u00e1s dif\u00edcil alcanzar los a\u00f1os de aportes obligatorios. Al mismo tiempo, Temer est\u00e1 condonando deudas masivamente a los empresarios. Est\u00e1n colocando nuevamente a Am\u00e9rica latina en el papel de colonia de los pa\u00edses centrales. Lo mismo que (Mauricio) Macri en Argentina y (Enrique) Pe\u00f1a Nieto en M\u00e9xico. Quieren recolonizar Am\u00e9rica latina para los grandes capitales.<\/p>\n<p>\u2013El gobierno argentino hace hincapi\u00e9 en un supuesto \u201catraso\u201d de los convenios colectivos de trabajo (CCL). \u00bfEn Brasil tambi\u00e9n se pusieron en tela de juicio los convenios?<\/p>\n<p>\u2013Pero claro. De hecho la contrataci\u00f3n colectiva ya no va a existir. Por ejemplo: hoy un CCL que dice que el trabajador tiene que ganar 5000 pesos por ocho horas diarias. Ahora el jefe va a poder sentarse a negociar individualmente. Entonces dice que lo va a despedir. \u201cNo, espere jefe, bueno lleguemos a un acuerdo\u201d, va a tener que decir el trabajador, no le va a quedar otra opci\u00f3n. \u201cBueno un acuerdo, solo puedo pagarte 2500 pesos pero necesito que trabajes m\u00e1s\u201d, dice el jefe. Si el trabajador acepta, el CCL pasa a no valer nada. O sea que en una sola l\u00ednea de montaje puede haber 100 tipos distintos de contrataci\u00f3n.<\/p>\n<p>\u2013\u00bfCu\u00e1l es la estrategia de resistencia del movimiento obrero de Brasil?<\/p>\n<p>\u2013Esta semana estamos en las f\u00e1bricas organizando a los trabajadores. Porque hay dos cosas que parecen ser distintas, pero que no lo son. El golpe que le dieron a Dilma fue para desregular las relaciones laborales, los sindicatos, las jubilaciones. Junto a eso, el a\u00f1o que viene tenemos elecciones para presidente y est\u00e1n intentando criminalizar a los pol\u00edticos que pueden dar marcha atr\u00e1s a esta ley de reforma laboral. Eso est\u00e1 pasando con Lula. Entonces, nuestras manifestaciones son al mismo tiempo a favor de los derechos laborales como de los derechos pol\u00edticos de Lula. Son dos cosas que caminan juntas. Hay que resistir porque si el proyecto de recolonizaci\u00f3n se consolida en Brasil, se consolidar\u00e1 en todos los otros pa\u00edses de la regi\u00f3n.<\/p>\n<h6>Fuetne: P\u00e1gina 12<\/h6>\n","protected":false},"excerpt":{"rendered":"<p>El gobierno golpista de Michel Temer consigui\u00f3 la aprobaci\u00f3n en el Congreso de una reforma laboral que avanza sobre los derechos de los trabajadores.<\/p>\n","protected":false},"author":2,"featured_media":65748,"comment_status":"closed","ping_status":"closed","sticky":false,"template":"","format":"standard","meta":{"footnotes":""},"categories":[8],"tags":[21],"class_list":["post-65747","post","type-post","status-publish","format-standard","has-post-thumbnail","hentry","category-informe-nacional","tag-argentina"],"_links":{"self":[{"href":"http:\/\/argentinamunicipal.com.ar\/argentina\/wp-json\/wp\/v2\/posts\/65747","targetHints":{"allow":["GET"]}}],"collection":[{"href":"http:\/\/argentinamunicipal.com.ar\/argentina\/wp-json\/wp\/v2\/posts"}],"about":[{"href":"http:\/\/argentinamunicipal.com.ar\/argentina\/wp-json\/wp\/v2\/types\/post"}],"author":[{"embeddable":true,"href":"http:\/\/argentinamunicipal.com.ar\/argentina\/wp-json\/wp\/v2\/users\/2"}],"replies":[{"embeddable":true,"href":"http:\/\/argentinamunicipal.com.ar\/argentina\/wp-json\/wp\/v2\/comments?post=65747"}],"version-history":[{"count":0,"href":"http:\/\/argentinamunicipal.com.ar\/argentina\/wp-json\/wp\/v2\/posts\/65747\/revisions"}],"wp:featuredmedia":[{"embeddable":true,"href":"http:\/\/argentinamunicipal.com.ar\/argentina\/wp-json\/wp\/v2\/media\/65748"}],"wp:attachment":[{"href":"http:\/\/argentinamunicipal.com.ar\/argentina\/wp-json\/wp\/v2\/media?parent=65747"}],"wp:term":[{"taxonomy":"category","embeddable":true,"href":"http:\/\/argentinamunicipal.com.ar\/argentina\/wp-json\/wp\/v2\/categories?post=65747"},{"taxonomy":"post_tag","embeddable":true,"href":"http:\/\/argentinamunicipal.com.ar\/argentina\/wp-json\/wp\/v2\/tags?post=65747"}],"curies":[{"name":"wp","href":"https:\/\/api.w.org\/{rel}","templated":true}]}}