{"id":65756,"date":"2017-07-25T07:17:28","date_gmt":"2017-07-25T10:17:28","guid":{"rendered":"http:\/\/argentinamunicipal.com.ar\/argentina\/?p=65756"},"modified":"2017-07-25T07:17:28","modified_gmt":"2017-07-25T10:17:28","slug":"se-inauguro-nuevo-jardin-municipal-santa-fe","status":"publish","type":"post","link":"http:\/\/argentinamunicipal.com.ar\/argentina\/se-inauguro-nuevo-jardin-municipal-santa-fe\/","title":{"rendered":"Se\u00a0inaugur\u00f3 un nuevo jard\u00edn municipal en Santa Fe"},"content":{"rendered":"<p>En la intersecci\u00f3n de las calles Demetrio G\u00f3mez y Roberto Galarza de Alto Verde se levanta el edificio n\u00famero 15 del Sistema Municipal de Educaci\u00f3n Inicial, obra que fue inaugurada este lunes por la tarde por el Intendente santafesino<\/p>\n<p>\u00abTenemos que valorar que estamos haciendo las cosas bien. La ense\u00f1anza m\u00e1s importante es que cuando los santafesinos nos planteamos metas y tenemos un plan, podemos lograr cosas tan importantes como el reconocimiento que obtuvimos de la ONU por la educaci\u00f3n y la inclusi\u00f3n social\u00bb, asegur\u00f3 el mandatario local.<\/p>\n<p>Ana D\u00edaz y Martina Godoy tienen, respectivamente, dos y siete meses. Desde este lunes se convirtieron en las alumnas m\u00e1s chiquitas del Jard\u00edn Municipal de Alto Verde, al recibir de manos del intendente Jos\u00e9 Corral los morrales que fueron confeccionados por la cooperativa Historias con hilos, que integran mam\u00e1s y mujeres que llevan a sus ni\u00f1os a los establecimientos educativos que gestiona el Gobierno de la Ciudad.<\/p>\n<p>Ubicado en la intersecci\u00f3n de las calles Demetrio G\u00f3mez y Roberto Galarza, la nueva instituci\u00f3n del Sistema Municipal de Educaci\u00f3n Inicial que este lunes fue inaugurada con la presencia de una multitud de vecinos, es la primera en contar con Sala de Lactantes en la ciudad, y demand\u00f3 una inversi\u00f3n de $ 12.197.000 que fue financiada con fondos del Ministerio de Educaci\u00f3n y Deportes de la Naci\u00f3n.<\/p>\n<p>El nuevo Jard\u00edn albergar\u00e1 a 120 ni\u00f1os y ni\u00f1as de entre 45 d\u00edas y 3 a\u00f1os. El edificio, desarrollado en una planta, consta de cuatro aulas, un Sal\u00f3n de Usos M\u00faltiples, \u00e1reas de administraci\u00f3n y apoyo. La particularidad de esta obra es que est\u00e1 sobre elevada del terreno, a trav\u00e9s de una estructura de hormig\u00f3n armado a fin de alcanzar cota segura y mantener la superficie libre del terreno natural que funciona como reservorio del sector.<\/p>\n<p>El acto fue encabezado, adem\u00e1s del mandatario santafesino, por el secretario General, Carlos Pereira; la ministra de Educaci\u00f3n de la Provincia, Claudia Balagu\u00e9; y los secretarios municipales de Planeamiento Urbano, Marcelo Pascual\u00f3n y de Educaci\u00f3n, \u00c9rika Figueroa.<\/p>\n<p><strong>Barrio que crece<\/strong><\/p>\n<p>\u00abEstamos felices porque es un d\u00eda especial para Alto Verde, barrio extraordinario de gente de trabajo\u00bb, expres\u00f3 el Intendente en un tramo de su discurso. En ese contexto, consider\u00f3 que es un barrio \u00abque crece\u00bb e hizo un repaso de las obras y acciones que se desarrollan en el Distrito costero como parte de una intervenci\u00f3n integral, entre las que destac\u00f3 la pavimentaci\u00f3n de calle Demetrio G\u00f3mez -proyecto elaborado por el Municipio que fue presentado este lunes por la ma\u00f1ana-, agua potable e iluminaci\u00f3n, la llegada de la Polic\u00eda Comunitaria y \u00abhace algunos meses, comenz\u00f3 a intervenir el Gobierno nacional con Prefectura, que permiti\u00f3 desarticular econom\u00edas del delito y reducir los \u00edndices de violencia en el barrio\u00bb. Tambi\u00e9n, resalt\u00f3 el rol de los jesuitas y las instituciones por la creaci\u00f3n de la Escuela de Oficios Papa Francisco \u00abque brinda oportunidades a los j\u00f3venes y adolescentes\u00bb.<\/p>\n<p>\u00abNos faltaba empezar por los m\u00e1s chiquitos\u00bb, se\u00f1al\u00f3 Jos\u00e9 Corral en relaci\u00f3n al nuevo establecimiento educativo que hoy suma Alto Verde, \u00abuna apuesta que hicimos los santafesinos en distintos barrios y que nos llev\u00f3 mucho esfuerzo del Presupuesto Municipal porque hay que destinar recursos\u00bb. Sin embargo, destac\u00f3 que este Jard\u00edn \u00abfue \u00edntegramente financiado por el Gobierno Nacional, proyecto que el presidente Mauricio Macri y todo su equipo acompa\u00f1\u00f3 con mucha decisi\u00f3n\u00bb.<\/p>\n<p><strong>La mejor recompensa<\/strong><\/p>\n<p>Para el intendente Jos\u00e9 Corral, la concreci\u00f3n de los Jardines Municipales fue posible gracias al \u00abesfuerzo\u00bb de m\u00faltiples instituciones \u00aby de todos los santafesinos\u00bb que hace que en la actualidad del Sistema Municipal de Educaci\u00f3n Inicial sea una realidad. En ese sentido, ejemplific\u00f3: \u00abLas se\u00f1os de nuestros Jardines son las mejores del pa\u00eds porque son las \u00fanicas que ser\u00e1n graduadas universitarias, gracias a la Universidad Nacional del Litoral, que dise\u00f1\u00f3 una licenciatura para que sean las mejores\u00bb.<\/p>\n<p>\u00abLa recompensa m\u00e1s importante es la de los ni\u00f1os y de las familias que ven c\u00f3mo los chicos progresan y aprenden\u00bb, asegur\u00f3 el mandatario santafesino, quien a\u00f1adi\u00f3 que \u00abtambi\u00e9n tenemos otros reconocimientos, que son los que nos dan la tranquilidad de que cuando nos propusimos que en diferentes barrios a los chicos les demos lo mejor, se lo hemos dado\u00bb. Fue as\u00ed que el Intendente dio cuenta del premio que otorg\u00f3 Naciones Unidas al Gobierno de la Ciudad recientemente: \u00abEs un premio mundial al servicio p\u00fablico en educaci\u00f3n. Es como el Oscar para las ciudades. Nos dieron la Copa del Mundo en la categor\u00eda Educaci\u00f3n e Inclusi\u00f3n Social. Tenemos que valorar que estamos haciendo las cosas bien. La ense\u00f1anza m\u00e1s importante es que cuando los santafesinos nos planteamos metas y tenemos un plan, podemos lograr cosas tan importantes como este reconocimiento por la educaci\u00f3n y la inclusi\u00f3n\u00bb.<\/p>\n<p>Finalmente, Jos\u00e9 Corral indic\u00f3 que \u00abtodav\u00eda falta mucho por hacer en el barrio y en la ciudad, pero vamos por el camino correcto. Estos logros que hemos alcanzado nos preparan para ir por m\u00e1s y seguir mejorando\u00bb, cerr\u00f3.<\/p>\n<p><strong>Agradecer a la Ciudad<\/strong><\/p>\n<p>Carlos Pereira agradeci\u00f3 a quienes \u00abllevaron adelante este proyecto pedag\u00f3gico\u00bb, haciendo referencia a las secretar\u00edas de Educaci\u00f3n y Planeamiento Urbano \u00abpor crear jardines que fueron multipremiados por su arquitectura y reconocidos por sus docentes, dando lo mejor en cada barrio\u00bb.<\/p>\n<p>El funcionario hizo menci\u00f3n adem\u00e1s al rol de la Federaci\u00f3n de Cooperativas Escolares \u00abpor haber comprendido de entrada la importancia de este proyecto y decidieron que los recursos que el municipio debe destinar por ley, est\u00e9n aqu\u00ed. Sin su acompa\u00f1amiento no hubiese sido posible\u00bb.<\/p>\n<p>Finalmente, Pereira ponder\u00f3 la colaboraci\u00f3n de los padrinos de los jardines \u00abfavoreciendo la alimentaci\u00f3n saludable para los m\u00e1s chicos\u00bb. Tambi\u00e9n, agradeci\u00f3 al barrio y a las familias \u00abpor haber confiado en este proyecto educativo y dejar aqu\u00ed a sus hijos tan chiquitos. La educaci\u00f3n transforma y nos hace mejores personas\u00bb, defini\u00f3.<\/p>\n<p>Por su parte, la ministra de Educaci\u00f3n felicit\u00f3 al intendente Jos\u00e9 Corral por este proyecto educativo y consider\u00f3 que \u00abes muy importante que cada municipio se involucre en el apoyo a la educaci\u00f3n, sobre todo con los m\u00e1s peque\u00f1itos. Es fundamental para las mam\u00e1s del barrio y para las familias que van a estar acompa\u00f1ando\u00bb.<\/p>\n<p><strong>Presencias<\/strong><\/p>\n<p>El acto estuvo colmado de vecinos, familiares de los chicos que desde este lunes asistir\u00e1n al establecimiento educativo, adem\u00e1s de autoridades municipales y provinciales. Tambi\u00e9n, cont\u00f3 con la presencia de los alumnos abanderados de la escuela N\u00ba 95 \u00abSim\u00f3n de Iriondo\u00bb y de los padrinos del Sistema Municipal de Educaci\u00f3n Inicial, como el Mercado de Productores y Abastecedores de Frutas, Verduras y Hortalizas de Santa Fe; Helader\u00edas Grido; Colegio de Farmac\u00e9uticos de Santa Fe; Wall Mart; la Uni\u00f3n Industrial Joven de Santa Fe; el Colegio de Graduados en Ciencias Econ\u00f3micas de Santa Fe; y Frutafiel S.A.<\/p>\n<p>Tambi\u00e9n, participaron del acto inaugural el Movimiento Los Sin Techo, la Federaci\u00f3n de Cooperadoras Escolares de Santa Fe, integrantes de la Comisi\u00f3n Administradora del Fondo de Asistencia Educativa, representantes de la Comunidad Israelita y DAIA filial Santa Fe, adem\u00e1s de miembros de la Cooperativa Historias con Hilos, de la Asociaci\u00f3n de `Profesores de Nivel Inicial de la Ciudad, la asociaci\u00f3n de Jardines Particulares, AMSAFE, CILSA, ASOEM, UOCRA, cooperativas y vecinales del barrio.<\/p>\n<p>Cabe se\u00f1alar que en sinton\u00eda con la inauguraci\u00f3n del nuevo establecimiento educativo, se habilit\u00f3 un nuevo punto del circuito Marcas del Agua. En el ingreso al Jard\u00edn, hay un t\u00f3tem que procura identificar a altura del r\u00edo como objeto alusivo que acompa\u00f1e las acciones de memoria, educaci\u00f3n, y concientizaci\u00f3n en la trama urbana.<\/p>\n<p><strong>El Sistema completo<\/strong><\/p>\n<p>En la actualidad, son unos 2 mil los ni\u00f1os y ni\u00f1as de Santa Fe que asisten a los Jardines que construidos por el Gobierno de la Ciudad y que forman parte del Sistema Municipal de Educaci\u00f3n Inicial. Adem\u00e1s de los de barrios Alto Verde y Atilio Rosso -de pr\u00f3xima inauguraci\u00f3n-, los otros jardines son los siguientes: CIC Roca, Varadero Sarsotti, CIC Facundo Zuviria, Pro Mejoras Barranquitas, San Agust\u00edn, Loyola Sur, Villa Hip\u00f3dromo, El Abasto, Barranquitas Sur, Coronel Dorrego, Las Flores, La Guardia, San Lorenzo y el Jard\u00edn Municipal para Hijos de Empleados.<\/p>\n<h6>Fuente:\u00a0Sin Mordaza<\/h6>\n","protected":false},"excerpt":{"rendered":"<p>En la intersecci\u00f3n de las calles Demetrio G\u00f3mez y Roberto Galarza de Alto Verde se levanta el edificio n\u00famero 15 del Sistema Municipal de Educaci\u00f3n Inicial, obra que fue inaugurada este lunes por la tarde por el Intendente santafesino<\/p>\n","protected":false},"author":2,"featured_media":65757,"comment_status":"closed","ping_status":"closed","sticky":false,"template":"","format":"standard","meta":{"footnotes":""},"categories":[2],"tags":[10],"class_list":["post-65756","post","type-post","status-publish","format-standard","has-post-thumbnail","hentry","category-informe-municipal","tag-santa-fe"],"_links":{"self":[{"href":"http:\/\/argentinamunicipal.com.ar\/argentina\/wp-json\/wp\/v2\/posts\/65756","targetHints":{"allow":["GET"]}}],"collection":[{"href":"http:\/\/argentinamunicipal.com.ar\/argentina\/wp-json\/wp\/v2\/posts"}],"about":[{"href":"http:\/\/argentinamunicipal.com.ar\/argentina\/wp-json\/wp\/v2\/types\/post"}],"author":[{"embeddable":true,"href":"http:\/\/argentinamunicipal.com.ar\/argentina\/wp-json\/wp\/v2\/users\/2"}],"replies":[{"embeddable":true,"href":"http:\/\/argentinamunicipal.com.ar\/argentina\/wp-json\/wp\/v2\/comments?post=65756"}],"version-history":[{"count":0,"href":"http:\/\/argentinamunicipal.com.ar\/argentina\/wp-json\/wp\/v2\/posts\/65756\/revisions"}],"wp:featuredmedia":[{"embeddable":true,"href":"http:\/\/argentinamunicipal.com.ar\/argentina\/wp-json\/wp\/v2\/media\/65757"}],"wp:attachment":[{"href":"http:\/\/argentinamunicipal.com.ar\/argentina\/wp-json\/wp\/v2\/media?parent=65756"}],"wp:term":[{"taxonomy":"category","embeddable":true,"href":"http:\/\/argentinamunicipal.com.ar\/argentina\/wp-json\/wp\/v2\/categories?post=65756"},{"taxonomy":"post_tag","embeddable":true,"href":"http:\/\/argentinamunicipal.com.ar\/argentina\/wp-json\/wp\/v2\/tags?post=65756"}],"curies":[{"name":"wp","href":"https:\/\/api.w.org\/{rel}","templated":true}]}}