{"id":65807,"date":"2017-07-26T07:22:53","date_gmt":"2017-07-26T10:22:53","guid":{"rendered":"http:\/\/argentinamunicipal.com.ar\/argentina\/?p=65807"},"modified":"2017-07-26T07:22:53","modified_gmt":"2017-07-26T10:22:53","slug":"la-cgt-marcha-camino-la-unidad","status":"publish","type":"post","link":"http:\/\/argentinamunicipal.com.ar\/argentina\/la-cgt-marcha-camino-la-unidad\/","title":{"rendered":"La CGT marcha en el camino de la unidad"},"content":{"rendered":"<p>En el plenario que se realizar\u00e1 en Ferro como parte de los preparativos de la movilizaci\u00f3n del 22 de agosto, se reincorporar\u00e1n formalmente a la vida interna de la CGT los gremios del MASA y de la Corriente Federal.<\/p>\n<p>El recorrido hacia el 22 de agosto, fecha que la CGT eligi\u00f3 para hacer una movilizaci\u00f3n a Plaza de Mayo para repudiar la pol\u00edtica econ\u00f3mica de Mauricio Macri, incluye varias etapas. Una de ellas es el plenario abierto que este viernes se realizar\u00e1 en el estadio de Ferro, donde se aprobar\u00e1 un documento cr\u00edtico pero, sobre todo, se reincorporar\u00e1n formalmente a la vida interna de la central obrera el Movimiento de Acci\u00f3n Sindical Argentino (MASA) y la Corriente Federal de los Trabajadores. \u201cEstamos yendo camino a la unidad\u201d, asegur\u00f3 H\u00e9ctor Daer, uno de los triunviros que todav\u00eda conducen la CGT.<\/p>\n<p>Una vez m\u00e1s, la sede que UPCN tiene en el porte\u00f1o barrio de Monserrat fue el escenario de una reuni\u00f3n de la mesa chica de la CGT, aunque en esta oportunidad cont\u00f3 con la presencia de los principales referentes del MASA que lidera el taxista Omar Viviani.<\/p>\n<p>Si bien la mayor\u00eda de los participantes aseguraron con marcado optimismo que hay un proceso de mayor unidad en la CGT, lo cierto es que anoche pegaron el faltazo algunos sindicatos que giran alrededor del universo moyanista. Por caso, los camioneros no estuvieron, como tampoco particip\u00f3 \u00a0Omar Maturano de La Fraternidad, ni el colectivero Roberto Fern\u00e1ndez. Si se quiere el \u00fanico moyanista que estuvo en la reuni\u00f3n fue el panadero Abel Frutos.<\/p>\n<p>El triunvirato conductor tuvo asistencia perfecta. Adem\u00e1s de Daer estuvieron Carlos Acu\u00f1a y Juan Carlos Schmid. Junto a ellos participaron Andr\u00e9s Rodr\u00edguez (UPCN), Armando Cavalieri (Comercio), Jos\u00e9 Luis Lingeri (Obras Sanitarias), Francisco \u201cBarba\u201d Guti\u00e9rrez (UOM) y Gerardo Mart\u00ednez (Uocra), entre otros.<\/p>\n<p>La novedad la dieron los sindicatos que militan en el MASA donde el taxista Viviani es el hombre fuerte y que estuvo acompa\u00f1ado por Sergio Sasia de la Uni\u00f3n Ferroviaria, Guillermo Moser (Luz y Fuerza), Juan Palacios de Trabajadores de la Comunicaci\u00f3n, Ra\u00fal Qui\u00f1ones (Tabacaleros) y el legislativo Norberto Di Pr\u00f3spero. Todos tuvieron en sus manos una copia del borrador del documento que el triunvirato que conduce la CGT quiere aprobar el viernes cuando se realice el plenario ampliado de secretarios generales.<\/p>\n<p>\u201cEn general estamos de acuerdo con el documento pero le vamos a hacer algunos aportes\u201d, reconoci\u00f3 Sasia, quien adem\u00e1s admiti\u00f3 que si bien van a volver a participar de la vida interna de la CGT, lo cierto es que no abandonar\u00e1n su intenci\u00f3n de profundizar algunos debates sobre la organizaci\u00f3n de la central obrera que desde hace tiempo el MASA viene realizando. \u201cVamos a hacer autocr\u00edtica. Es necesario y saludable\u201d, indic\u00f3.<\/p>\n<p>Viviani tambi\u00e9n se mostr\u00f3 contento con \u201cel retorno pleno\u201d a la CGT. Seg\u00fan el dirigente la raz\u00f3n del regreso est\u00e1 dada por \u201cla cr\u00edtica situaci\u00f3n que atraviesan los trabajadores con despidos, suspensiones y cierres de empresas y f\u00e1bricas. No podemos estar desunidos\u201d, asegur\u00f3. De todas maneras este retorno no implica que vayan a reclamar la incorporaci\u00f3n de algunos de sus referentes al Consejo Directivo de la central obrera porque, como dijo Viviani, \u201ctodos los cargos ya est\u00e1n ocupados\u201d. Eso s\u00ed, el regreso del MASA coincide con las versiones que hablan de la conveniencia de reunificar la conducci\u00f3n de la CGT en una sola cabeza y eso implica rediscutir la pol\u00edtica de alianza interna para regresar a la conducci\u00f3n unipersonal. Por caso, en estos d\u00edas se habl\u00f3 mucho de Daer y la posibilidad de que sea quien reemplace al triunvirato que el pr\u00f3ximo mes de agosto cumplir\u00e1 un a\u00f1o en funciones pero que ha cosechado m\u00e1s de una cr\u00edtica interna y externa.<\/p>\n<p>Seg\u00fan Jorge Sola, el secretario general de trabajadores de Seguros y responsable del \u00e1rea de prensa de la CGT, tambi\u00e9n participar\u00e1n de este plenario los sindicatos nucleados en la Corriente Federal de los Trabajadores cuyo principal referente es el bancario Sergio Palazzo. De ser as\u00ed s\u00f3lo estar\u00edan faltando los gremios que est\u00e1n enrolados en las 62 Organizaciones que respond\u00edan a la conducci\u00f3n del ahora fallecido sindicalista de los peones rurales Ger\u00f3nimo \u201cMomo\u201d Venegas.<\/p>\n<p>El regreso de estos dos grandes sectores sindicales le otorgar\u00e1n a la CGT un mayor poder pol\u00edtico, al menos desde lo num\u00e9rico, y eso no pas\u00f3 desapercibido por el gobierno de Mauricio Macri. Por caso, ayer el ministro de Trabajo, Jorge Triaca, sali\u00f3 a criticar la movilizaci\u00f3n prevista para el 22 de agosto. \u201cEst\u00e1 te\u00f1ida mucho m\u00e1s de cuestiones pol\u00edticas que de cuestiones gremiales o espec\u00edficas de los trabajadores\u201d, asegur\u00f3 el funcionario. Por si acaso, el ministro se\u00f1al\u00f3 que \u201cante el diagn\u00f3stico que presenta la CGT, nosotros respondemos con los n\u00fameros que por suerte en la Argentina hoy son fiables, que se\u00f1alan que ha habido una recuperaci\u00f3n del empleo a partir del primer semestre del a\u00f1o pasado\u201d.<\/p>\n<h6>Fuente: P\u00e1gina 12<\/h6>\n","protected":false},"excerpt":{"rendered":"<p>En el plenario que se realizar\u00e1 en Ferro como parte de los preparativos de la movilizaci\u00f3n del 22 de agosto, se reincorporar\u00e1n formalmente a la vida interna de la CGT los gremios del MASA y de la Corriente Federal.<\/p>\n","protected":false},"author":2,"featured_media":65808,"comment_status":"closed","ping_status":"closed","sticky":false,"template":"","format":"standard","meta":{"footnotes":""},"categories":[8],"tags":[21],"class_list":["post-65807","post","type-post","status-publish","format-standard","has-post-thumbnail","hentry","category-informe-nacional","tag-argentina"],"_links":{"self":[{"href":"http:\/\/argentinamunicipal.com.ar\/argentina\/wp-json\/wp\/v2\/posts\/65807","targetHints":{"allow":["GET"]}}],"collection":[{"href":"http:\/\/argentinamunicipal.com.ar\/argentina\/wp-json\/wp\/v2\/posts"}],"about":[{"href":"http:\/\/argentinamunicipal.com.ar\/argentina\/wp-json\/wp\/v2\/types\/post"}],"author":[{"embeddable":true,"href":"http:\/\/argentinamunicipal.com.ar\/argentina\/wp-json\/wp\/v2\/users\/2"}],"replies":[{"embeddable":true,"href":"http:\/\/argentinamunicipal.com.ar\/argentina\/wp-json\/wp\/v2\/comments?post=65807"}],"version-history":[{"count":0,"href":"http:\/\/argentinamunicipal.com.ar\/argentina\/wp-json\/wp\/v2\/posts\/65807\/revisions"}],"wp:featuredmedia":[{"embeddable":true,"href":"http:\/\/argentinamunicipal.com.ar\/argentina\/wp-json\/wp\/v2\/media\/65808"}],"wp:attachment":[{"href":"http:\/\/argentinamunicipal.com.ar\/argentina\/wp-json\/wp\/v2\/media?parent=65807"}],"wp:term":[{"taxonomy":"category","embeddable":true,"href":"http:\/\/argentinamunicipal.com.ar\/argentina\/wp-json\/wp\/v2\/categories?post=65807"},{"taxonomy":"post_tag","embeddable":true,"href":"http:\/\/argentinamunicipal.com.ar\/argentina\/wp-json\/wp\/v2\/tags?post=65807"}],"curies":[{"name":"wp","href":"https:\/\/api.w.org\/{rel}","templated":true}]}}