{"id":65810,"date":"2017-07-26T06:24:56","date_gmt":"2017-07-26T09:24:56","guid":{"rendered":"http:\/\/argentinamunicipal.com.ar\/argentina\/?p=65810"},"modified":"2017-07-26T07:26:30","modified_gmt":"2017-07-26T10:26:30","slug":"la-preocupacion-las-pymes","status":"publish","type":"post","link":"http:\/\/argentinamunicipal.com.ar\/argentina\/la-preocupacion-las-pymes\/","title":{"rendered":"La preocupaci\u00f3n por las pymes"},"content":{"rendered":"<p>La ex presidenta recorri\u00f3 Moreno. Dialog\u00f3 con los due\u00f1os de una firma textil y con sus trabajadores, quienes le contaron su situaci\u00f3n.<\/p>\n<p>\u201cLas elecciones sirven para que la gente le d\u00e9 un mensaje al gobierno. Hay que marcar que el camino que tomaron es incorrecto y que el conductor est\u00e1 equivocado\u201d, dijo Cristina Fern\u00e1ndez de Kirchner ayer durante la visita a una empresa familiar textil en el partido bonaerense de Moreno, en el marco de su campa\u00f1a como candidata a senadora por Unidad Ciudadana. Como en sus otras apariciones por el GBA, la ex presidenta dialog\u00f3 con los trabajadores y el due\u00f1o de la pyme, afectados por las pol\u00edticas econ\u00f3micas del gobierno que encabeza Mauricio Macri.<\/p>\n<p>\u201cSolo tenemos resto hasta diciembre. A pesar de la crisis decidimos no despedir ni un solo trabajador y vamos a tratar de aguantar\u201d, le dijo el empresario a la precandidata. \u201cEsta empresa tiene 60 a\u00f1os. Desde la de Alsogaray para ac\u00e1, viv\u00ed todas las crisis, pero esta que estamos viviendo hoy es la m\u00e1s violenta de todas. En un a\u00f1o y medio hicieron desastres. Tarifas. Ca\u00edda del consumo. Importaciones. Pudimos hacer un colch\u00f3n en el anterior gobierno y con eso vamos aguantando\u201d, le explic\u00f3 Ra\u00fal, due\u00f1o de la textil.<\/p>\n<p>Por su parte, Ram\u00f3n, uno de los empleados, tambi\u00e9n le relat\u00f3 su experiencia a Fern\u00e1ndez de Kirchner, describi\u00f3 su situaci\u00f3n: \u201cSeguimos cobrando lo mismo y no llegamos a fin de mes. Los salarios est\u00e1n por debajo de la inflaci\u00f3n y hay compa\u00f1eros que no pueden pagar la luz y el gas\u201d, sostuvo. Ram\u00f3n es uno de los cien empleados que tiene hoy en d\u00eda Scalter, dedicada a la producci\u00f3n de telas. Con la crisis de 2001 la empresa se hab\u00eda quedado con 12 empleados y una producci\u00f3n de 20 toneladas, pero a partir de 2003 comenz\u00f3 la recuperaci\u00f3n, seg\u00fan explicaban desde el equipo de campa\u00f1a de Unidad Ciudadana.<\/p>\n<p>\u201cHay que darle un trato especial a las pymes, pero sobre todo hay que tener amor por la industria nacional\u201d, dijo CFK luego de escuchar los testimonios de los afectados por la crisis. \u201cYo siento que \u00edbamos por una autopista. Todos \u00edbamos por el mismo camino. Como en toda autopista hab\u00eda autos m\u00e1s modernos, otros m\u00e1s antiguos, algunos embotellamientos, pero \u00edbamos todos por la misma autopista. Ahora salieron de esa autopista y entraron a una ruta de una mano, un camino equivocado en el que ya hay ripio. El conductor tiene que advertir las se\u00f1ales que las cosas van mal\u201d, agreg\u00f3 la ex presidenta, que concluy\u00f3 sosteniendo que \u201cla productividad no se logra con flexibilizaci\u00f3n laboral\u201d sino con \u201cconsumo interno para que los trabajadores de esta pyme, y de todas las dem\u00e1s, puedan ir a comprar y llenar muchas de las bolsas que ellos producen, as\u00ed la empresa puede seguir vendiendo\u201d.<\/p>\n<h6>Fuente: P\u00e1gina 12<\/h6>\n","protected":false},"excerpt":{"rendered":"<p>La ex presidenta recorri\u00f3 Moreno. Dialog\u00f3 con los due\u00f1os de una firma textil y con sus trabajadores, quienes le contaron su situaci\u00f3n.<\/p>\n","protected":false},"author":2,"featured_media":65811,"comment_status":"closed","ping_status":"closed","sticky":false,"template":"","format":"standard","meta":{"footnotes":""},"categories":[8],"tags":[21],"class_list":["post-65810","post","type-post","status-publish","format-standard","has-post-thumbnail","hentry","category-informe-nacional","tag-argentina"],"_links":{"self":[{"href":"http:\/\/argentinamunicipal.com.ar\/argentina\/wp-json\/wp\/v2\/posts\/65810","targetHints":{"allow":["GET"]}}],"collection":[{"href":"http:\/\/argentinamunicipal.com.ar\/argentina\/wp-json\/wp\/v2\/posts"}],"about":[{"href":"http:\/\/argentinamunicipal.com.ar\/argentina\/wp-json\/wp\/v2\/types\/post"}],"author":[{"embeddable":true,"href":"http:\/\/argentinamunicipal.com.ar\/argentina\/wp-json\/wp\/v2\/users\/2"}],"replies":[{"embeddable":true,"href":"http:\/\/argentinamunicipal.com.ar\/argentina\/wp-json\/wp\/v2\/comments?post=65810"}],"version-history":[{"count":0,"href":"http:\/\/argentinamunicipal.com.ar\/argentina\/wp-json\/wp\/v2\/posts\/65810\/revisions"}],"wp:featuredmedia":[{"embeddable":true,"href":"http:\/\/argentinamunicipal.com.ar\/argentina\/wp-json\/wp\/v2\/media\/65811"}],"wp:attachment":[{"href":"http:\/\/argentinamunicipal.com.ar\/argentina\/wp-json\/wp\/v2\/media?parent=65810"}],"wp:term":[{"taxonomy":"category","embeddable":true,"href":"http:\/\/argentinamunicipal.com.ar\/argentina\/wp-json\/wp\/v2\/categories?post=65810"},{"taxonomy":"post_tag","embeddable":true,"href":"http:\/\/argentinamunicipal.com.ar\/argentina\/wp-json\/wp\/v2\/tags?post=65810"}],"curies":[{"name":"wp","href":"https:\/\/api.w.org\/{rel}","templated":true}]}}