{"id":65822,"date":"2017-07-26T07:46:32","date_gmt":"2017-07-26T10:46:32","guid":{"rendered":"http:\/\/argentinamunicipal.com.ar\/argentina\/?p=65822"},"modified":"2017-07-26T07:46:32","modified_gmt":"2017-07-26T10:46:32","slug":"rosario-antonio-ratner-las-propuestas-surgen-los-barrios","status":"publish","type":"post","link":"http:\/\/argentinamunicipal.com.ar\/argentina\/rosario-antonio-ratner-las-propuestas-surgen-los-barrios\/","title":{"rendered":"Rosario: Antonio Ratner, \u00abLas propuestas surgen en los barrios\u00bb"},"content":{"rendered":"<p>Antonio Ratner, precandidato a concejal por el Partido Justicialista \u2014lista Trabajando por Rosario\u2014, recorri\u00f3 comedores escolares, vecinales y clubes de barrio Esperanza, T\u00edo Rolo y Empalme Graneros, entre otros.<\/p>\n<p>Antonio Ratner, precandidato a concejal por el Partido Justicialista \u2014lista Trabajando por Rosario\u2014, recorri\u00f3 comedores escolares, vecinales y clubes de barrio Esperanza, T\u00edo Rolo y Empalme Graneros, entre otros. Resalt\u00f3 la importancia de escuchar a los vecinos para conocer las problem\u00e1ticas barriales y que desde all\u00ed surjan las propuestas para llevar al Concejo. Destac\u00f3 que el principal problema sigue siendo la inseguridad y aclar\u00f3 que es necesario \u00abcolocar m\u00e1s c\u00e1maras de seguridad en los barrios, y mejorar el sistema actual de control\u00bb, como tambi\u00e9n pavimentar calles para que entren los colectivos y mejorar la escamonda para optimizar la iluminaci\u00f3n.<\/p>\n<p>Ratner hizo hincapi\u00e9 en mejorar la seguridad vial, llevando planes de educaci\u00f3n vial a las escuelas y proponiendo \u00abalcohol cero\u00bb, reduciendo la tolerancia para aquellos que conduzcan alcoholizados.<\/p>\n<h6>Fuente: La Capital Rosario<\/h6>\n","protected":false},"excerpt":{"rendered":"<p>Antonio Ratner, precandidato a concejal por el Partido Justicialista \u2014lista Trabajando por Rosario\u2014, recorri\u00f3 comedores escolares, vecinales y clubes de barrio Esperanza, T\u00edo Rolo y Empalme Graneros, entre otros.<\/p>\n","protected":false},"author":2,"featured_media":65823,"comment_status":"closed","ping_status":"closed","sticky":false,"template":"","format":"standard","meta":{"footnotes":""},"categories":[4],"tags":[10],"class_list":["post-65822","post","type-post","status-publish","format-standard","has-post-thumbnail","hentry","category-informe-politico","tag-santa-fe"],"_links":{"self":[{"href":"http:\/\/argentinamunicipal.com.ar\/argentina\/wp-json\/wp\/v2\/posts\/65822","targetHints":{"allow":["GET"]}}],"collection":[{"href":"http:\/\/argentinamunicipal.com.ar\/argentina\/wp-json\/wp\/v2\/posts"}],"about":[{"href":"http:\/\/argentinamunicipal.com.ar\/argentina\/wp-json\/wp\/v2\/types\/post"}],"author":[{"embeddable":true,"href":"http:\/\/argentinamunicipal.com.ar\/argentina\/wp-json\/wp\/v2\/users\/2"}],"replies":[{"embeddable":true,"href":"http:\/\/argentinamunicipal.com.ar\/argentina\/wp-json\/wp\/v2\/comments?post=65822"}],"version-history":[{"count":0,"href":"http:\/\/argentinamunicipal.com.ar\/argentina\/wp-json\/wp\/v2\/posts\/65822\/revisions"}],"wp:featuredmedia":[{"embeddable":true,"href":"http:\/\/argentinamunicipal.com.ar\/argentina\/wp-json\/wp\/v2\/media\/65823"}],"wp:attachment":[{"href":"http:\/\/argentinamunicipal.com.ar\/argentina\/wp-json\/wp\/v2\/media?parent=65822"}],"wp:term":[{"taxonomy":"category","embeddable":true,"href":"http:\/\/argentinamunicipal.com.ar\/argentina\/wp-json\/wp\/v2\/categories?post=65822"},{"taxonomy":"post_tag","embeddable":true,"href":"http:\/\/argentinamunicipal.com.ar\/argentina\/wp-json\/wp\/v2\/tags?post=65822"}],"curies":[{"name":"wp","href":"https:\/\/api.w.org\/{rel}","templated":true}]}}