{"id":65825,"date":"2017-07-26T07:50:11","date_gmt":"2017-07-26T10:50:11","guid":{"rendered":"http:\/\/argentinamunicipal.com.ar\/argentina\/?p=65825"},"modified":"2017-07-26T07:50:11","modified_gmt":"2017-07-26T10:50:11","slug":"los-talleres-ferroviarios-perez-continuan-agonia","status":"publish","type":"post","link":"http:\/\/argentinamunicipal.com.ar\/argentina\/los-talleres-ferroviarios-perez-continuan-agonia\/","title":{"rendered":"Los talleres ferroviarios de P\u00e9rez contin\u00faan en agon\u00eda"},"content":{"rendered":"<p>A nueve d\u00edas del vencimiento de la conciliaci\u00f3n obligatoria, la audiencia de ayer en la sede rosarina del Ministerio de Trabajo por el cierre y despido de 75 obreros de los talleres ferroviarios Rioro SA de P\u00e9rez no arroj\u00f3 resultado alguno y pas\u00f3 a un cuarto intermedio hasta el 3 de agosto a las 13. Ante la falta de soluciones, la Uni\u00f3n Obrera Metal\u00fargica UOM convoca a los trabajadores a una movilizaci\u00f3n para ese d\u00eda y hora frente a la cartera laboral.<\/p>\n<p>\u00abFue un m\u00e1s de lo mismo, aunque cada vez peor desde el punto de vista de lo an\u00edmico porque los \u00e1nimos se exaltan y no vemos que la empresa quiera explorar las alternativas que se le han tirado sobre la mesa\u00bb, consider\u00f3 Pablo Cerra, abogado de la UOM, en alusi\u00f3n al rechazo de la firma a la oferta de compra por parte de la empresa Ferronaval, de Empalme Villa Constituci\u00f3n, interesada en reactivar la planta y dedicarse a la misma actividad que viene desarrollando.<\/p>\n<p>Es m\u00e1s, la ausencia ayer del presidente del directorio de Transcorba SA, hoy Rioro SA, Juan Eduardo Aranovich, que estaba citado expresamente por la cartera laboral, \u00abmanifiesta nuevamente la postura evasiva reticente de resolver la situaci\u00f3n\u00bb. El directivo est\u00e1 convocado nuevamente a presentarse a la audiencia del 3 de agosto, un d\u00eda antes de que termine la conciliaci\u00f3n obligatoria.<\/p>\n<p>Otro indicio negativo por parte de Rioro SA es su oferta de retiros voluntarios, que \u00absi bien no es lo que procuramos desde el gremio, pero, atentos a la consulta de algunos compa\u00f1eros, hicimos los c\u00e1lculos y resulta que es inferior a lo que les corresponder\u00eda de indemnizaci\u00f3n\u00bb.<\/p>\n<p>La pregunta del mill\u00f3n es qu\u00e9 suceder\u00e1 si la empresa no vende las instalaciones y si se vence la instancia de mediaci\u00f3n laboral sin resoluci\u00f3n alguna. \u00abDesde el punto de vista jur\u00eddico, estamos frente a despidos en suspenso atento a la conciliaci\u00f3n obligatoria. Consideramos que los mismos son nulos porque no se ha iniciado el procedimiento preventivo de crisis establecido en la ley 24.013 ni se inici\u00f3 el establecido por la ley Cejas\u00bb, de emergencia laboral, que impone multas a las empresas santafesinas que efect\u00faan despidos.<\/p>\n<p>\u00abHasta tanto no se acabe la etapa administrativa los despidos son nulos e independientemente de que se termine la conciliaci\u00f3n obligatoria, los trabajadores deben ser reinstalados de manera urgente\u00bb, concluy\u00f3 Cerra.<\/p>\n<h6>Fuente: La capital Rosario<\/h6>\n","protected":false},"excerpt":{"rendered":"<p>A nueve d\u00edas del vencimiento de la conciliaci\u00f3n obligatoria, la audiencia de ayer en la sede rosarina del Ministerio de Trabajo por el cierre y despido de 75 obreros de los talleres ferroviarios Rioro SA de P\u00e9rez no arroj\u00f3 resultado alguno <\/p>\n","protected":false},"author":2,"featured_media":65826,"comment_status":"closed","ping_status":"closed","sticky":false,"template":"","format":"standard","meta":{"footnotes":""},"categories":[2],"tags":[10],"class_list":["post-65825","post","type-post","status-publish","format-standard","has-post-thumbnail","hentry","category-informe-municipal","tag-santa-fe"],"_links":{"self":[{"href":"http:\/\/argentinamunicipal.com.ar\/argentina\/wp-json\/wp\/v2\/posts\/65825","targetHints":{"allow":["GET"]}}],"collection":[{"href":"http:\/\/argentinamunicipal.com.ar\/argentina\/wp-json\/wp\/v2\/posts"}],"about":[{"href":"http:\/\/argentinamunicipal.com.ar\/argentina\/wp-json\/wp\/v2\/types\/post"}],"author":[{"embeddable":true,"href":"http:\/\/argentinamunicipal.com.ar\/argentina\/wp-json\/wp\/v2\/users\/2"}],"replies":[{"embeddable":true,"href":"http:\/\/argentinamunicipal.com.ar\/argentina\/wp-json\/wp\/v2\/comments?post=65825"}],"version-history":[{"count":0,"href":"http:\/\/argentinamunicipal.com.ar\/argentina\/wp-json\/wp\/v2\/posts\/65825\/revisions"}],"wp:featuredmedia":[{"embeddable":true,"href":"http:\/\/argentinamunicipal.com.ar\/argentina\/wp-json\/wp\/v2\/media\/65826"}],"wp:attachment":[{"href":"http:\/\/argentinamunicipal.com.ar\/argentina\/wp-json\/wp\/v2\/media?parent=65825"}],"wp:term":[{"taxonomy":"category","embeddable":true,"href":"http:\/\/argentinamunicipal.com.ar\/argentina\/wp-json\/wp\/v2\/categories?post=65825"},{"taxonomy":"post_tag","embeddable":true,"href":"http:\/\/argentinamunicipal.com.ar\/argentina\/wp-json\/wp\/v2\/tags?post=65825"}],"curies":[{"name":"wp","href":"https:\/\/api.w.org\/{rel}","templated":true}]}}