{"id":65885,"date":"2017-07-27T07:02:07","date_gmt":"2017-07-27T10:02:07","guid":{"rendered":"http:\/\/argentinamunicipal.com.ar\/argentina\/?p=65885"},"modified":"2017-07-27T07:02:07","modified_gmt":"2017-07-27T10:02:07","slug":"dia-la-justicia-recibio-la-condena","status":"publish","type":"post","link":"http:\/\/argentinamunicipal.com.ar\/argentina\/dia-la-justicia-recibio-la-condena\/","title":{"rendered":"El d\u00eda que la Justicia recibi\u00f3 la condena"},"content":{"rendered":"<p>En el juicio fueron condenados otros 21 acusados. El tribunal consider\u00f3 que los funcionarios judiciales fueron un eslab\u00f3n para garantizar la actividad de los represores de la dictadura. Y que no fueron culpables por \u201comisi\u00f3n\u201d, sino por una pr\u00e1ctica concreta.<\/p>\n<p>\u201cMendoza dej\u00f3 demostrado claramente que la represi\u00f3n no funcion\u00f3 sin la participaci\u00f3n necesaria de los jueces, no pudo funcionar sin ellos y esto no puede dejar de verse en todo el pa\u00eds\u201d, fue lo primero que pudo decir Ernesto Espeche. Reci\u00e9n terminaba de escucharse la sentencia del, ahora m\u00e1s que nunca, hist\u00f3rico Juicio a los Jueces. Sobrevivientes, familiares y organizaciones de derechos humanos, sociales, gremiales y pol\u00edticas se congregaron a escuchar la lectura en la explanada de los Tribunales Federales. Los jueces Alejandro Waldo Pi\u00f1a, Juan Antonio Gonz\u00e1lez Mac\u00edas y Ra\u00fal Alberto Fourcade condenaron a 25 de los 28 acusados del juicio, 12 de ellos a prisi\u00f3n perpetua, entre ellos a los ex jueces federales Rolando Evaristo Carrizo, Guillermo Max Petra Recabarren, Otilio Romano y Luis Miret, simb\u00f3licos por la enorme influencia que mantuvieron en el fuero local hasta hace muy poco tiempo. Al finalizar la lectura, la secretaria del TOF ley\u00f3 uno a uno los nombres de cada una de las 110 v\u00edctimas del juicio, lo que tambi\u00e9n signific\u00f3 para los presentes un acto de reparaci\u00f3n. Entre ellas, Ernesto escuch\u00f3 el nombre de su madre, Marcela Vega, una m\u00e9dica, militante del PRT con trabajo en los barrios populares cuya historia accedi\u00f3 por primera vez a una instancia de justicia.<\/p>\n<p>La sentencia de Mendoza marca un antes y un despu\u00e9s en la larga historia de avances y retrocesos de los juicios por cr\u00edmenes de lesa humanidad en Argentina. Los jueces inscribieron cada condenas en la figura de los cr\u00edmenes de lesa humanidad y, en di\u00e1logo con otras jurisdicciones, tambi\u00e9n lo hicieron en el contexto del \u201cdelito internacional del genocidio\u201d. Hubo tres absoluciones, siete penas de entre 15 y 20 a\u00f1os de prisi\u00f3n y doce perpetuas. Tambi\u00e9n hubo cinco condenas que incluyeron la figura de los delitos sexuales.<\/p>\n<p>Todos los jueces fueron condenados como part\u00edcipes necesarios. A Romano lo condenaron por 84 casos de secuestros, 38 tormentos y 33 homicidios. Y Miret por 9 hechos de secuestros, 3 tormentos y 7 homicidios.<\/p>\n<p>De esos n\u00fameros se desprende un dato clave de este juicio: un cambio de criterio para entender el funcionamiento de la justicia en dictadura. Los cuatro jueces llegaron a juicio acusados por omisi\u00f3n de investigar y de denunciar hechos que conoc\u00edan por sus roles, pero fueron condenados por participaci\u00f3n primaria en los cr\u00edmenes. Esto sucedi\u00f3 porque durante los m\u00e1s de tres a\u00f1os de juicio, fiscales y querellas buscaron demostrar que lo que hasta entonces se ve\u00eda como una \u201cno acci\u00f3n\u201d o una omisi\u00f3n de investigar cr\u00edmenes o denuncias, en realidad fue una acci\u00f3n activa que garantiz\u00f3 la impunidad. Otro dato del juicio es que los jueces no fueron condenados por un caso o una serie de casos, sino por la intervenci\u00f3n en un per\u00edodo de tiempo: es decir, un tipo de pr\u00e1ctica.<\/p>\n<p>\u201cEsta es la culminaci\u00f3n de un trabajo enorme en el que el tribunal comparti\u00f3 todos nuestros argumentos\u201d, dice a P\u00e1ginaI12 el fiscal federal Dante Vega, con la respiraci\u00f3n todav\u00eda agitada, segundos despu\u00e9s de la sentencia. \u201cEste es un juicio que tiene sentados a representantes de todo el arco terrorista estatal, inclusive civiles que formaron parte del aparato de la dictadura: y eso es el aparato judicial. El tribunal dijo que tambi\u00e9n los jueces son responsables, y merecen la m\u00e1xima pena por part\u00edcipes primarios. Que el aporte que brindaron es tan importante que sin ese aporte el terrorismo de Estado no hubiese sido posible. Se pas\u00f3 de la concepci\u00f3n errada de la omisi\u00f3n, de mirar para otro lado, a la participaci\u00f3n activa. Y se puede participar activamente de distintas formas. No solo haciendo. Sino dejando de hacer cuando ten\u00e9s la obligaci\u00f3n de intervenir: las v\u00edctimas del terrorismo de Estado, el \u00faltimo lugar que ten\u00edan para acudir era la justicia y la justicia era part\u00edcipe del terrorismo de Estado, entonces no ten\u00edan d\u00f3nde acudir. Y eso fue la m\u00e1xima expresi\u00f3n del terror Estatal: no tener d\u00f3nde acudir en busca de Justicia\u201d.<\/p>\n<p>Pablo Salinas, querellante por el MEDH y batallador incansable de estas causas, dice que fue un d\u00eda luminoso de Justicia. \u201cTodav\u00eda no puedo con la emoci\u00f3n\u201d, explic\u00f3. \u201cCreo que el tribunal estuvo a la altura del momento hist\u00f3rico. Y la perpetua marca que tomaron la tesis a la parte acusadora. Pero esto representa sobre todo un mensaje enorme de Justicia y esperanza para todo el movimiento de derechos humanos del pa\u00eds que tiene que seguir luchando para poder seguir avanzando con las complicidades civiles\u201d.<\/p>\n<p>Salinas mir\u00f3 en ese momento a Carlos Rozanski, que pele\u00f3 por el ingreso de la definici\u00f3n del genocidio en las sentencias. Angela Urondo. Nino Bonoldi. Y tambi\u00e9n a su compa\u00f1era, Viviana Beigel, tambi\u00e9n abogada del juicio en representaci\u00f3n de la Liga. \u201cEstamos emocionados, felices por la sentencia -dijo ella\u2013: las v\u00edctimas sienten reparaci\u00f3n por un fallo en el que la justicia federal fue condenada a prisi\u00f3n perpetua\u201d.<\/p>\n<p>En la sala estuvo Jorge Auat, coordinador de la Procuradur\u00eda de cr\u00edmenes de Lesa Humanidad del Ministerio P\u00fablico Fiscal. Hubo funcionarios de la secretaria de derechos humanos de Naci\u00f3n. Estuvo el nieto recuperado Horacio Pietragalla, ahora candidato a diputado por Unidad Ciudadana. Y tambi\u00e9n la plana mayor del gobierno de Mendoza encabezada por la vicegobernadora Laura Montero y los ministros de Desarrollo Social y de Gobierno, Claudia Najul y Dalmiro Garay. Y estuvo el rector de la UNCuyo, Daniel Pizzi.<\/p>\n<p>\u201cEst\u00e1 toda la explanada cubierta, ac\u00e1 hay much\u00edsima gente esperando la sentencia\u201d, dec\u00eda temprano Espeche. \u201cGente de a pi\u00e9, m\u00e1s organizaciones, gente en todos lados, esto desbord\u00f3 todas las expectativas\u201d. Mar\u00eda Dom\u00ednguez, referente de Madres de Plaza de Mayo, m\u00e1s temprano se sent\u00f3 ante el micr\u00f3fono de una radio comunitaria, FM La Mosquitera, \u00fanico punto de trasmisi\u00f3n hacia la zona. \u201cEste es un d\u00eda hist\u00f3rico -coment\u00f3\u2013. Muy ansiado para Mendoza especialmente aunque son muy pocos los que van a recibir la sentencia porque llevamos muchos a\u00f1os esperando y son muchos a los que todav\u00eda hay que condenar\u201d. Por ah\u00ed estaba su nieta, Claudia Dom\u00ednguez, identificada en octubre de 2015, que se acerc\u00f3 a las audiencias como un modo de conocer su propia historia.<\/p>\n<p>\u201cEs un fallo hist\u00f3rico no s\u00f3lo porque se juzga a los jueces c\u00f3mplices de la dictadura o porque es contundente, sino porque en el contexto de hoy exist\u00eda una gran incertidumbre acerca de lo que iba a pasar\u201d, dijo Pietragalla. \u201cEsto abre una esperanza: nos dice que dentro de la Justicia hay funcionarios y jueces que tienen una coherencia con sus acciones y pensamientos. Hoy qued\u00f3 demostrado para los negacionistas que hubo una dictadura que fue c\u00edvico militar. Y nos da coraje para seguir.\u201d<\/p>\n<h6>Fuente: P\u00e1gina 12<\/h6>\n","protected":false},"excerpt":{"rendered":"<p>En el juicio fueron condenados otros 21 acusados. El tribunal consider\u00f3 que los funcionarios judiciales fueron un eslab\u00f3n para garantizar la actividad de los represores de la dictadura. <\/p>\n","protected":false},"author":2,"featured_media":65886,"comment_status":"closed","ping_status":"closed","sticky":false,"template":"","format":"standard","meta":{"footnotes":""},"categories":[8],"tags":[21],"class_list":["post-65885","post","type-post","status-publish","format-standard","has-post-thumbnail","hentry","category-informe-nacional","tag-argentina"],"_links":{"self":[{"href":"http:\/\/argentinamunicipal.com.ar\/argentina\/wp-json\/wp\/v2\/posts\/65885","targetHints":{"allow":["GET"]}}],"collection":[{"href":"http:\/\/argentinamunicipal.com.ar\/argentina\/wp-json\/wp\/v2\/posts"}],"about":[{"href":"http:\/\/argentinamunicipal.com.ar\/argentina\/wp-json\/wp\/v2\/types\/post"}],"author":[{"embeddable":true,"href":"http:\/\/argentinamunicipal.com.ar\/argentina\/wp-json\/wp\/v2\/users\/2"}],"replies":[{"embeddable":true,"href":"http:\/\/argentinamunicipal.com.ar\/argentina\/wp-json\/wp\/v2\/comments?post=65885"}],"version-history":[{"count":0,"href":"http:\/\/argentinamunicipal.com.ar\/argentina\/wp-json\/wp\/v2\/posts\/65885\/revisions"}],"wp:featuredmedia":[{"embeddable":true,"href":"http:\/\/argentinamunicipal.com.ar\/argentina\/wp-json\/wp\/v2\/media\/65886"}],"wp:attachment":[{"href":"http:\/\/argentinamunicipal.com.ar\/argentina\/wp-json\/wp\/v2\/media?parent=65885"}],"wp:term":[{"taxonomy":"category","embeddable":true,"href":"http:\/\/argentinamunicipal.com.ar\/argentina\/wp-json\/wp\/v2\/categories?post=65885"},{"taxonomy":"post_tag","embeddable":true,"href":"http:\/\/argentinamunicipal.com.ar\/argentina\/wp-json\/wp\/v2\/tags?post=65885"}],"curies":[{"name":"wp","href":"https:\/\/api.w.org\/{rel}","templated":true}]}}