{"id":65888,"date":"2017-07-27T06:04:33","date_gmt":"2017-07-27T09:04:33","guid":{"rendered":"http:\/\/argentinamunicipal.com.ar\/argentina\/?p=65888"},"modified":"2017-07-27T07:06:28","modified_gmt":"2017-07-27T10:06:28","slug":"calo-dijo-se-perdieron-30-mil-empleos-metalurgicos-critico-las-importaciones","status":"publish","type":"post","link":"http:\/\/argentinamunicipal.com.ar\/argentina\/calo-dijo-se-perdieron-30-mil-empleos-metalurgicos-critico-las-importaciones\/","title":{"rendered":"Cal\u00f3 dijo que se perdieron 30 mil empleos metal\u00fargicos y critic\u00f3 las importaciones"},"content":{"rendered":"<p>El secretario general de la UOM estuvo en Rosario. Dijo que los gremios no permitir\u00e1n que avance una reforma laboral como la de Brasil<\/p>\n<p>El secretario general de la Uni\u00f3n Obrera Metal\u00fargica (UOM), Antonio Cal\u00f3, denunci\u00f3 que el sector perdi\u00f3 30 mil puestos de trabajo en los \u00faltimos dos a\u00f1os y asegur\u00f3 que la importaci\u00f3n indiscriminada de productos est\u00e1 arrasando con las industrias del rubro. Tambi\u00e9n alert\u00f3 que los sindicatos tradicionale no permitir\u00e1n que se avance en Argentina con una reforma laboral similar a la votada en Brasil, porque \u00absignifica volver a los a\u00f1os 30\u00bb. Igual, dej\u00f3 abierta la posibilidad de negociar modificaciones al r\u00e9gimen laboral \u00abque no afecten los derechos adquiridos\u00bb.<\/p>\n<p>El ex secretario general de la Confederaci\u00f3n General del Trabajo (CGT) particip\u00f3 ayer de una reuni\u00f3n en la sede local del gremio junto a los dirigentes de todas las secciones de la UOM en Santa Fe. El desembarco tuvo un motivo pol\u00edtico: apoyar la lista de precandidatos a diputado nacional que integra el titular del gremio en Rosario, Antonio Donello. Pero la crisis que golpea a la actividad estuvo tambi\u00e9n en la agenda.<\/p>\n<p>\u00abLa situaci\u00f3n est\u00e1 dif\u00edcil, en marzo, abril y mayo hubo un statu quo sin suspensiones ni despidos, pero en este mes volvimos a ver cesant\u00edas por goteo y cierre de f\u00e1bricas chicas\u00bb, se\u00f1al\u00f3 Cal\u00f3.<\/p>\n<p>Culp\u00f3 a las importaciones por la situaci\u00f3n. \u00abA los metal\u00fargicos nos matan, es el gremio que m\u00e1s sufri\u00f3 con este plan econ\u00f3mico\u00bb.<\/p>\n<p>Cal\u00f3 rechaz\u00f3 las cr\u00edticas por la pasividad de la Confederaci\u00f3n General del Trabajo (CGT), que, dijo, \u00abse comport\u00f3 como la sociedad quer\u00eda\u00bb. Esto ser\u00eda que le dio al gobierno \u00abel tiempo que necesita toda nueva administraci\u00f3n\u00bb y apost\u00f3 al di\u00e1logo, que \u00abse rompi\u00f3 cuando los empresarios incumplieron el pago del bono a fin de a\u00f1o\u00bb.<\/p>\n<p>Advirti\u00f3, en ese sentido, que los gremios no permitir\u00e1n que avance una reforma laboral como la que se aprob\u00f3 en Brasil. \u00abA esa ley lo \u00fanico que le falta es darle un l\u00e1tigo a los empresarios para que les peguen a los trabajadores\u00bb, dijo.<\/p>\n<p><strong>Rioro y Mefro<\/strong><\/p>\n<p>En el mismo encuentro, el secretario general de la UOM Rosario, Antonio Donello, alert\u00f3 por la situaci\u00f3n de los trabajadores de Rioro. \u00abLa empresa tiene mucha soberbia y trata a los trabajadores como si fueran un n\u00famero\u00bb, dijo, para advertir: \u00abVamos a defender hasta \u00faltimo momento los puestos de trabajo\u00bb.<\/p>\n<p>De hecho, el gremio convoc\u00f3 a una movilizaci\u00f3n para el 3 de agosto, un d\u00eda antes de que venza el per\u00edodo de conciliaci\u00f3n obligatoria.<\/p>\n<p>Tambi\u00e9n carg\u00f3 contra el gobierno nacional por el incumplimiento en el pago de los subsidios comprometidos para los trabajadores de Mefro Wheels. \u00abCuando la empresa anunci\u00f3 el cierre no aparecieron, cuando estuvo todo solucionado vinieron a sacarse la foto y prometieron un subsidio, y luego no cumplieron\u00bb, critic\u00f3 Donello.<\/p>\n<p>Pablo Cerra, apoderado legal de la UOM, pecis\u00f3 que de 66 mil pesos comprometidos hace unos meses, los trabajadores s\u00f3lo recibieron 18 mil y \u00abuna cuota la semana pasada de 8 mil pesos\u00bb. A ese incumplimiento, dijo, se sum\u00f3 otro: la administraci\u00f3n nacional comunic\u00f3 ahora que no cancelar\u00e1 esa deuda a los trabajadores que entren a trabajar en la f\u00e1brica que comenzar\u00e1 a operar Cirubon.<\/p>\n<p>Y denunci\u00f3 que \u00abtampoco cumplieron con otra promesa que era la reinstalaci\u00f3n de 20 compa\u00f1eros que no iban a ser tomados por Cirubon y que iban a ser ubicados en empresas que formaban parte del Plan de Transformaci\u00f3n Productiva\u00bb.<\/p>\n<h6>Fuente: La Capital Rosario<\/h6>\n","protected":false},"excerpt":{"rendered":"<p>El secretario general de la UOM estuvo en Rosario. Dijo que los gremios no permitir\u00e1n que avance una reforma laboral como la de Brasil<\/p>\n","protected":false},"author":2,"featured_media":65889,"comment_status":"closed","ping_status":"closed","sticky":false,"template":"","format":"standard","meta":{"footnotes":""},"categories":[8],"tags":[21],"class_list":["post-65888","post","type-post","status-publish","format-standard","has-post-thumbnail","hentry","category-informe-nacional","tag-argentina"],"_links":{"self":[{"href":"http:\/\/argentinamunicipal.com.ar\/argentina\/wp-json\/wp\/v2\/posts\/65888","targetHints":{"allow":["GET"]}}],"collection":[{"href":"http:\/\/argentinamunicipal.com.ar\/argentina\/wp-json\/wp\/v2\/posts"}],"about":[{"href":"http:\/\/argentinamunicipal.com.ar\/argentina\/wp-json\/wp\/v2\/types\/post"}],"author":[{"embeddable":true,"href":"http:\/\/argentinamunicipal.com.ar\/argentina\/wp-json\/wp\/v2\/users\/2"}],"replies":[{"embeddable":true,"href":"http:\/\/argentinamunicipal.com.ar\/argentina\/wp-json\/wp\/v2\/comments?post=65888"}],"version-history":[{"count":0,"href":"http:\/\/argentinamunicipal.com.ar\/argentina\/wp-json\/wp\/v2\/posts\/65888\/revisions"}],"wp:featuredmedia":[{"embeddable":true,"href":"http:\/\/argentinamunicipal.com.ar\/argentina\/wp-json\/wp\/v2\/media\/65889"}],"wp:attachment":[{"href":"http:\/\/argentinamunicipal.com.ar\/argentina\/wp-json\/wp\/v2\/media?parent=65888"}],"wp:term":[{"taxonomy":"category","embeddable":true,"href":"http:\/\/argentinamunicipal.com.ar\/argentina\/wp-json\/wp\/v2\/categories?post=65888"},{"taxonomy":"post_tag","embeddable":true,"href":"http:\/\/argentinamunicipal.com.ar\/argentina\/wp-json\/wp\/v2\/tags?post=65888"}],"curies":[{"name":"wp","href":"https:\/\/api.w.org\/{rel}","templated":true}]}}