{"id":65891,"date":"2017-07-27T06:07:28","date_gmt":"2017-07-27T09:07:28","guid":{"rendered":"http:\/\/argentinamunicipal.com.ar\/argentina\/?p=65891"},"modified":"2017-07-27T07:19:53","modified_gmt":"2017-07-27T10:19:53","slug":"inauguran-villa-g-galvez-centro-gestion-residuos-solidos-urbanos","status":"publish","type":"post","link":"http:\/\/argentinamunicipal.com.ar\/argentina\/inauguran-villa-g-galvez-centro-gestion-residuos-solidos-urbanos\/","title":{"rendered":"Inauguran en Villa G. G\u00e1lvez el centro de gesti\u00f3n de residuos s\u00f3lidos urbanos"},"content":{"rendered":"<p>Al acto de habilitaci\u00f3n asistir\u00e1n hoy autoridades nacionales, provinciales y municipales. La planta ser\u00e1 una de las m\u00e1s modernas de la Argentina<\/p>\n<p>Autoridades nacionales, provinciales y de municipios y comunas del \u00e1rea metropolitana de Rosario asistir\u00e1n hoy, a las 12, a la inauguraci\u00f3n de las obras del primer centro de Gesti\u00f3n Integral de Residuos S\u00f3lidos Urbanos (Girsu).<\/p>\n<p>El predio, que cubre un \u00e1rea de 16 hect\u00e1reas, est\u00e1 en Villa Gobernador G\u00e1lvez, al sur del arroyo Saladillo y a ambas m\u00e1rgenes de la autopista Rosario-Buenos Aires.<\/p>\n<p>El proyecto de desarrollo urbano y mejora ambiental se orient\u00f3 a concretar el saneamiento y dar un importante equipamiento a la regi\u00f3n. Las tareas incluyeron la construcci\u00f3n del centro de Girsu, un parque p\u00fablico de 21 hect\u00e1reas y una reserva natural, de 20 hect\u00e1reas con lo que se despeja la ribera sur del arroyo Saladillo.<\/p>\n<p>Cabe destacar que todos los residuos que ingresen al centro Girsu vendr\u00e1n de las tareas de recolecci\u00f3n, barrido, limpieza de v\u00eda p\u00fablica y escamonda de Villa Gobernador G\u00e1lvez, Alvear y Pueblo Esther. En una segunda etapa se podr\u00e1n incluir otras localidades del corredor sur, adem\u00e1s de una fracci\u00f3n de los residuos generados por Rosario. Ello representa brindar servicios a una poblaci\u00f3n de 448.000 habitantes.<\/p>\n<p>La ejecuci\u00f3n de la obra \u2014financiada por la Naci\u00f3n y la provincia\u2014 super\u00f3 los 220 millones de pesos de inversi\u00f3n. A nivel nacional, cont\u00f3 con el aporte del Ministerio del Interior, Obras P\u00fablicas y Vivienda \u2014a trav\u00e9s de su Unidad Ejecutora Central (UEC), en el marco del programa de Desarrollo de Areas Metropolitanas del Interior (Dami) y con fondos no reembolsables del Banco Interamericano de Desarrollo (BID)\u2014.<\/p>\n<p>En el orden provincial, los aportes fueron de la Secretar\u00eda de Finanzas \u2014Programa Municipal de Inversiones del Ministerio de Econom\u00eda\u2014, y la Secretar\u00eda de Medio Ambiente del ministerio hom\u00f3nimo. Adem\u00e1s, el Ecom Rosario ayud\u00f3 con recursos propios.<\/p>\n<p>El emprendimiento, primero en su tipo, es organizado por el Ente de Coordinaci\u00f3n Metropolitana de Rosario (Ecom Rosario) y fue realizado con la participaci\u00f3n de organismos y reparticiones como el Ministerio de Medio Ambiente y de Desarrollo Social provincial y los municipios de Villa G. G\u00e1lvez y Rosario.<\/p>\n<p><strong>Unas 450 toneladas diarias<\/strong><\/p>\n<p>La moderna planta del centro Girsu est\u00e1 dise\u00f1ada para recibir unas 450 toneladas diarias de residuos s\u00f3lidos urbanos. El sitio tiene una gran infraestructura, desde el control de ingreso con una b\u00e1scula para pesaje de camiones \u2014donde adem\u00e1s se verifica la composici\u00f3n y se registra el peso de los residuos\u2014, pasando por la planta de separaci\u00f3n y clasificaci\u00f3n donde se identifican residuos inorg\u00e1nicos y se separa mayormente org\u00e1nicos para ser transformados en compost\u2014, y la planta de compostaje, que estabiliza el residuo org\u00e1nico, reduce su volumen y procesa hasta 150 toneladas por d\u00eda de residuos.<\/p>\n<p>Adem\u00e1s el centro tiene una planta de clasificaci\u00f3n de deshechos de construcci\u00f3n donde se separan \u00e1ridos por granulometr\u00eda y recupera materiales de construcci\u00f3n que tiene una capacidad de procesamiento de 100 toneladas por d\u00eda. Tambi\u00e9n recibe residuos remanentes del proceso para su disposici\u00f3n final con una capacidad de 300 toneladas diarias.<\/p>\n<p>Tambi\u00e9n est\u00e1 la planta de tratamiento de l\u00edquidos lixiviados que contempla las etapas biol\u00f3gica y f\u00edsico-qu\u00edmica para lograr un l\u00edquido de calidad normativamente aceptable para volcar a cursos de agua.<\/p>\n<p>Con la obra, se logra la eliminaci\u00f3n de los dos antiguos basurales que hab\u00eda en la zona. Se limpi\u00f3 y se parquiza el \u00e1rea.<\/p>\n<p><strong>Obra hist\u00f3rica<\/strong><\/p>\n<p>El ministro de Medio Ambiente, Jacinto Speranza, se\u00f1al\u00f3 que \u00abse trata de una obra hist\u00f3rica que aportar\u00e1 soluciones a un problema importante en la regi\u00f3n. Asimismo se afirm\u00f3 que es la inversi\u00f3n m\u00e1s grande de la provincia en saneamiento y gesti\u00f3n de residuos.<\/p>\n<p>\u00abA trav\u00e9s de esta obra se ha eliminado el basural a cielo abierto m\u00e1s grande de la provincia. Esto solucionar\u00e1 la disposici\u00f3n final de residuos de las localidades del cord\u00f3n sur metropolitano\u00bb.<\/p>\n<p>De la inversi\u00f3n total del proyecto, de m\u00e1s de 220 millones de pesos, distribuida en cuatro contratos: dos fueron financiados \u00edntegramente por la provincia, mientras que en los dos restantes la provincia financi\u00f3 un 60 por ciento. El resto del aporte lo realiz\u00f3 la Naci\u00f3n a trav\u00e9s del programa Dami-Promudi. La inversi\u00f3n provincial es de 166 millones de pesos.<\/p>\n<p>\u00abSe habilitar\u00e1 la primera celda de un total de seis a ejecutar durante la operaci\u00f3n. Esta primera celda permitir\u00e1 garantizar la disposici\u00f3n final de los residuos por unos dos a\u00f1os, dependiendo de las cantidades que se dispongan diariamente. La ejecuci\u00f3n de las restantes quedar\u00e1 a cargo del operador del centro\u00bb, dijo Speranza.<\/p>\n<p>La planta, adem\u00e1s, contar\u00e1 con un camino de pavimento de hormig\u00f3n hasta la traza de la futura colectora, que ser\u00e1 ejecutado por la direcci\u00f3n nacional de Vialidad, para lo cual se suscribi\u00f3 un convenio en julio de 2016 con el Ecom.<\/p>\n<p>Moderna. La planta de gesti\u00f3n de residuos s\u00f3lidos urbanos es la m\u00e1s grande de la provincia, cubre 16 hect\u00e1reas.<\/p>\n<h6>Fuente: La Capital Rosario<\/h6>\n","protected":false},"excerpt":{"rendered":"<p>Al acto de habilitaci\u00f3n asistir\u00e1n hoy autoridades nacionales, provinciales y municipales. La planta ser\u00e1 una de las m\u00e1s modernas de la Argentina<\/p>\n","protected":false},"author":2,"featured_media":65892,"comment_status":"closed","ping_status":"closed","sticky":false,"template":"","format":"standard","meta":{"footnotes":""},"categories":[2],"tags":[10],"class_list":["post-65891","post","type-post","status-publish","format-standard","has-post-thumbnail","hentry","category-informe-municipal","tag-santa-fe"],"_links":{"self":[{"href":"http:\/\/argentinamunicipal.com.ar\/argentina\/wp-json\/wp\/v2\/posts\/65891","targetHints":{"allow":["GET"]}}],"collection":[{"href":"http:\/\/argentinamunicipal.com.ar\/argentina\/wp-json\/wp\/v2\/posts"}],"about":[{"href":"http:\/\/argentinamunicipal.com.ar\/argentina\/wp-json\/wp\/v2\/types\/post"}],"author":[{"embeddable":true,"href":"http:\/\/argentinamunicipal.com.ar\/argentina\/wp-json\/wp\/v2\/users\/2"}],"replies":[{"embeddable":true,"href":"http:\/\/argentinamunicipal.com.ar\/argentina\/wp-json\/wp\/v2\/comments?post=65891"}],"version-history":[{"count":0,"href":"http:\/\/argentinamunicipal.com.ar\/argentina\/wp-json\/wp\/v2\/posts\/65891\/revisions"}],"wp:featuredmedia":[{"embeddable":true,"href":"http:\/\/argentinamunicipal.com.ar\/argentina\/wp-json\/wp\/v2\/media\/65892"}],"wp:attachment":[{"href":"http:\/\/argentinamunicipal.com.ar\/argentina\/wp-json\/wp\/v2\/media?parent=65891"}],"wp:term":[{"taxonomy":"category","embeddable":true,"href":"http:\/\/argentinamunicipal.com.ar\/argentina\/wp-json\/wp\/v2\/categories?post=65891"},{"taxonomy":"post_tag","embeddable":true,"href":"http:\/\/argentinamunicipal.com.ar\/argentina\/wp-json\/wp\/v2\/tags?post=65891"}],"curies":[{"name":"wp","href":"https:\/\/api.w.org\/{rel}","templated":true}]}}