{"id":65906,"date":"2017-07-27T07:54:25","date_gmt":"2017-07-27T10:54:25","guid":{"rendered":"http:\/\/argentinamunicipal.com.ar\/argentina\/?p=65906"},"modified":"2017-07-27T07:54:25","modified_gmt":"2017-07-27T10:54:25","slug":"la-policia-reprimio-palos-gases-la-marcha-al-congreso-los-trabajadores-pepsico","status":"publish","type":"post","link":"http:\/\/argentinamunicipal.com.ar\/argentina\/la-policia-reprimio-palos-gases-la-marcha-al-congreso-los-trabajadores-pepsico\/","title":{"rendered":"La polic\u00eda reprimi\u00f3 con palos y gases la marcha al Congreso de los Trabajadores de Pepsico"},"content":{"rendered":"<p>Los despedidos se movilizaban hacia el Congreso cuando fueron atacados por la Polic\u00eda de la Ciudad que luego los dej\u00f3 seguir su camino. El Sipreba denunci\u00f3 que tambi\u00e9n fueron rociados con gas trabajadores de prensa.<\/p>\n<p>Los\u00a0trabajadores de Pepsico, junto a organizaciones sociales y pol\u00edticas llegaron finalmente al Congreso Nacional para exigir que los legisladores traten medidas para frenar la ola de\u00a0despidos y suspensiones\u00a0en todo el pa\u00eds, luego de soportar\u00a0la represi\u00f3n con palos y gases de la Polic\u00eda de la Ciudad\u00a0que les dificult\u00f3 el paso desde la 9 de Julio, donde se hab\u00edan concentrado desde las 7.30 de la ma\u00f1ana.<\/p>\n<p>El\u00a0Sindicato de Prensa de Buenos Aires (SiPreBA)\u00a0tambi\u00e9n denunci\u00f3 que hay trabajadores de prensa que fueron reprimidos y afectados por los gases, lo que dificulta a las claras su labor.<\/p>\n<p>Los trabajadores exigen tambi\u00e9n\u00a0la interpelaci\u00f3n del ministro de Trabajo,\u00a0Jorge Triaca, por la crisis laboral que sufren diversos sectores.<\/p>\n<p>La marcha parti\u00f3\u00a0desde el Obelisco hasta el Congreso donde desde la semana pasada se encuentra\u00a0la carpa instalada frente al Parlamento que levantaron los cesanteados luego del cierre de la planta de snacks de Vicente L\u00f3pez, que dej\u00f3 600 personas en la calle.<\/p>\n<p>El delegado de Pepsico, Camilo Mones\u00a0afirm\u00f3 que la movilizaci\u00f3n es \u00abpor los puestos de trabajo, para que se reabra la planta y para que no haya represi\u00f3n\u00bb. Mientras estuvieron en el Obelisco. los trabajadores fueron\u00a0intimados por la Fiscal\u00eda 37 de la Ciudad de Buenos Aires\u00a0a desalojar los carriles del Metrobus en la avenida 9 de julio.<\/p>\n<p>Acompa\u00f1ados por agrupaciones de izquierda y dirigentes pol\u00edticos,\u00a0los trabajadores reiteraron el reclamo porque \u00abla empresa se encuentra en plena ilegalidad al no acatar el fallo de la C\u00e1mara Nacional del Trabajo\u00bb, que orden\u00f3 la reincorporaci\u00f3n de una decena trabajadores.<\/p>\n<p>Natalia Gonzales Seligra, diputada nacional de izquierda y dirigente de\u00a0Suteba\u00a0de La Matanza dijo: \u00abdesde la banca del PTS\/FIT en las sesi\u00f3n del mi\u00e9rcoles, donde no se debate la agenda de los trabajadores y sus demandas, la queremos aprovechar para presentar el proyecto que estamos elaborando por la expropiaci\u00f3n de la f\u00e1brica Pepsico, que como demostraron ante todos los medios los trabajadores est\u00e1 en perfectas condiciones para producir\u00bb.<\/p>\n<p>\u00abConsideramos que el estado tiene que hacerse cargo de este conflicto y darle soluci\u00f3n a los trabajadores y es por eso que vamos\u00a0aprovechar la sesi\u00f3n del mi\u00e9rcoles y la jornada de lucha, para presentar el proyecto de expropiaci\u00f3n\u00a0y una interpelaci\u00f3n al ministro de Trabajo Triaca\u201d, concluy\u00f3.<\/p>\n<h6>Fuente: InfoNews<\/h6>\n","protected":false},"excerpt":{"rendered":"<p>Los despedidos se movilizaban hacia el Congreso cuando fueron atacados por la Polic\u00eda de la Ciudad que luego los dej\u00f3 seguir su camino. El Sipreba denunci\u00f3 que tambi\u00e9n fueron rociados con gas trabajadores de prensa. <\/p>\n","protected":false},"author":2,"featured_media":65907,"comment_status":"closed","ping_status":"closed","sticky":false,"template":"","format":"standard","meta":{"footnotes":""},"categories":[8],"tags":[21],"class_list":["post-65906","post","type-post","status-publish","format-standard","has-post-thumbnail","hentry","category-informe-nacional","tag-argentina"],"_links":{"self":[{"href":"http:\/\/argentinamunicipal.com.ar\/argentina\/wp-json\/wp\/v2\/posts\/65906","targetHints":{"allow":["GET"]}}],"collection":[{"href":"http:\/\/argentinamunicipal.com.ar\/argentina\/wp-json\/wp\/v2\/posts"}],"about":[{"href":"http:\/\/argentinamunicipal.com.ar\/argentina\/wp-json\/wp\/v2\/types\/post"}],"author":[{"embeddable":true,"href":"http:\/\/argentinamunicipal.com.ar\/argentina\/wp-json\/wp\/v2\/users\/2"}],"replies":[{"embeddable":true,"href":"http:\/\/argentinamunicipal.com.ar\/argentina\/wp-json\/wp\/v2\/comments?post=65906"}],"version-history":[{"count":0,"href":"http:\/\/argentinamunicipal.com.ar\/argentina\/wp-json\/wp\/v2\/posts\/65906\/revisions"}],"wp:featuredmedia":[{"embeddable":true,"href":"http:\/\/argentinamunicipal.com.ar\/argentina\/wp-json\/wp\/v2\/media\/65907"}],"wp:attachment":[{"href":"http:\/\/argentinamunicipal.com.ar\/argentina\/wp-json\/wp\/v2\/media?parent=65906"}],"wp:term":[{"taxonomy":"category","embeddable":true,"href":"http:\/\/argentinamunicipal.com.ar\/argentina\/wp-json\/wp\/v2\/categories?post=65906"},{"taxonomy":"post_tag","embeddable":true,"href":"http:\/\/argentinamunicipal.com.ar\/argentina\/wp-json\/wp\/v2\/tags?post=65906"}],"curies":[{"name":"wp","href":"https:\/\/api.w.org\/{rel}","templated":true}]}}