{"id":65933,"date":"2017-07-28T07:02:34","date_gmt":"2017-07-28T10:02:34","guid":{"rendered":"http:\/\/argentinamunicipal.com.ar\/argentina\/?p=65933"},"modified":"2017-07-28T07:02:34","modified_gmt":"2017-07-28T10:02:34","slug":"alerta-buenos-aires-siguen-cerrando-pymes-aumentan-los-trabajadores-despedidos","status":"publish","type":"post","link":"http:\/\/argentinamunicipal.com.ar\/argentina\/alerta-buenos-aires-siguen-cerrando-pymes-aumentan-los-trabajadores-despedidos\/","title":{"rendered":"Alerta en Buenos Aires: siguen cerrando Pymes y aumentan los trabajadores despedidos"},"content":{"rendered":"<p>Esta vez fue una empresa distribuidora del municipio de San Mart\u00edn, donde 70 empleados quedaron sin trabajo tras el sorpresivo cierre de la empresa que declar\u00f3 la quiebra. Adem\u00e1s, les deben parte del aguinaldo y el \u00faltimo sueldo.<\/p>\n<p>Los setenta empleados de la distibuidora Distripaper fueron despedidos sin mediar si quiera una palabra. As\u00ed, son 70 familias las que quedaron sin ese sustento econ\u00f3mico para continuar su vida debido al sorpresivo cierre de la empresa que declar\u00f3 la quiebra.<\/p>\n<p>Mientras tanto, desde de la Confederaci\u00f3n Argentina de la Mediana Empresa (CAME) indicaron que \u00abel sector cumpli\u00f3 21 meses en baja\u00bb.<\/p>\n<p>La empresa Distripaper est\u00e1 ubicada en el municipio de San Martin desde hace 30 a\u00f1os. En las \u00faltimas horas, sus due\u00f1os tomaron la decisi\u00f3n unilateral de declarar la quiebra y cerrar la distribuidora.<\/p>\n<p>\u201cAyer fue un d\u00eda normal, hoy nos encontramos con que la empresa quebr\u00f3\u201d, cont\u00f3 Alejandro Arellano, trabajador de la distribuidora que, a su vez, agreg\u00f3 que les adeudan parte del aguinaldo y el sueldo de julio.<\/p>\n<p>La distribuidora que es propiedad de Eduardo Wexzler y Eduardo Sosnowsky tiene alrededor de 70 trabajadores -entre las oficinas de la Av. Cabildo al 200 de la Capital Federal y la planta de log\u00edstica de Eva Per\u00f3n 2545 en San Mart\u00edn- que se encontraron hoy con la noticia de que se sumaban al n\u00famero de desempleados que no para de subir, en una provincia que encuentra a sus pol\u00edticos m\u00e1s preocupados por las elecciones que por los problemas de la ciudadan\u00eda.<\/p>\n<h6>Fuente: InfoCielo<\/h6>\n","protected":false},"excerpt":{"rendered":"<p>Esta vez fue una empresa distribuidora del municipio de San Mart\u00edn, donde 70 empleados quedaron sin trabajo tras el sorpresivo cierre de la empresa que declar\u00f3 la quiebra. Adem\u00e1s, les deben parte del aguinaldo y el \u00faltimo sueldo.<\/p>\n","protected":false},"author":2,"featured_media":65934,"comment_status":"closed","ping_status":"closed","sticky":false,"template":"","format":"standard","meta":{"footnotes":""},"categories":[65],"tags":[12],"class_list":["post-65933","post","type-post","status-publish","format-standard","has-post-thumbnail","hentry","category-provincias","tag-buenos-aires"],"_links":{"self":[{"href":"http:\/\/argentinamunicipal.com.ar\/argentina\/wp-json\/wp\/v2\/posts\/65933","targetHints":{"allow":["GET"]}}],"collection":[{"href":"http:\/\/argentinamunicipal.com.ar\/argentina\/wp-json\/wp\/v2\/posts"}],"about":[{"href":"http:\/\/argentinamunicipal.com.ar\/argentina\/wp-json\/wp\/v2\/types\/post"}],"author":[{"embeddable":true,"href":"http:\/\/argentinamunicipal.com.ar\/argentina\/wp-json\/wp\/v2\/users\/2"}],"replies":[{"embeddable":true,"href":"http:\/\/argentinamunicipal.com.ar\/argentina\/wp-json\/wp\/v2\/comments?post=65933"}],"version-history":[{"count":0,"href":"http:\/\/argentinamunicipal.com.ar\/argentina\/wp-json\/wp\/v2\/posts\/65933\/revisions"}],"wp:featuredmedia":[{"embeddable":true,"href":"http:\/\/argentinamunicipal.com.ar\/argentina\/wp-json\/wp\/v2\/media\/65934"}],"wp:attachment":[{"href":"http:\/\/argentinamunicipal.com.ar\/argentina\/wp-json\/wp\/v2\/media?parent=65933"}],"wp:term":[{"taxonomy":"category","embeddable":true,"href":"http:\/\/argentinamunicipal.com.ar\/argentina\/wp-json\/wp\/v2\/categories?post=65933"},{"taxonomy":"post_tag","embeddable":true,"href":"http:\/\/argentinamunicipal.com.ar\/argentina\/wp-json\/wp\/v2\/tags?post=65933"}],"curies":[{"name":"wp","href":"https:\/\/api.w.org\/{rel}","templated":true}]}}