{"id":65981,"date":"2017-07-28T06:16:16","date_gmt":"2017-07-28T09:16:16","guid":{"rendered":"http:\/\/argentinamunicipal.com.ar\/argentina\/?p=65981"},"modified":"2017-07-28T08:18:13","modified_gmt":"2017-07-28T11:18:13","slug":"trabajadores-municipales-la-terminal-bariloche-continuaran-las-medidas-fuerza","status":"publish","type":"post","link":"http:\/\/argentinamunicipal.com.ar\/argentina\/trabajadores-municipales-la-terminal-bariloche-continuaran-las-medidas-fuerza\/","title":{"rendered":"Trabajadores municipales de la Terminal de Bariloche continuar\u00e1n con las medidas de fuerza"},"content":{"rendered":"<p>En el marco de una nueva reuni\u00f3n que se llev\u00f3 a cabo esta ma\u00f1ana, referentes del Sindicato de Obreros y Empleados Municipales (Soyem) de Bariloche -junto a los trabajadores de la terminal de \u00f3mnibus- evaluaron las medidas a tomar luego de m\u00e1s de 10 d\u00edas sin gas.<\/p>\n<p>Al finalizar el encuentro, se resolvi\u00f3 continuar con las medidas de fuerza hasta tanto no se instalen los artefactos de aire e inicien con las obras que permitir\u00e1n contar con gas en los espacios de trabajo. Al respecto, el secretario del Soyem Bariloche, Juan Fuentes se\u00f1al\u00f3 que \u00abse trata de una decisi\u00f3n de los compa\u00f1eros y nosotros los apoyamos totalmente\u00bb e hizo hincapi\u00e9 en que tanto el gremio como los trabajadores lamentan tener que haber llegado a \u00abuna situaci\u00f3n de retenci\u00f3n de servicios para que se empezara actuar en una soluci\u00f3n\u00bb.<\/p>\n<p>El personal que se ve afectado por la retenci\u00f3n de servicios son los que pertenecen a la terminal, el Tribunal de Faltas, tr\u00e1nsito, limpieza, play\u00f3n y mantenimiento.<\/p>\n<h6>Fuente: El Cordillerano<\/h6>\n","protected":false},"excerpt":{"rendered":"<p>En el marco de una nueva reuni\u00f3n que se llev\u00f3 a cabo esta ma\u00f1ana, referentes del Sindicato de Obreros y Empleados Municipales (Soyem) de Bariloche -junto a los trabajadores de la terminal de \u00f3mnibus- evaluaron las medidas a tomar luego de m\u00e1s de 10 d\u00edas sin gas.<\/p>\n","protected":false},"author":2,"featured_media":65982,"comment_status":"closed","ping_status":"closed","sticky":false,"template":"","format":"standard","meta":{"footnotes":""},"categories":[7],"tags":[11],"class_list":["post-65981","post","type-post","status-publish","format-standard","has-post-thumbnail","hentry","category-informe-sindical","tag-rio-negro"],"_links":{"self":[{"href":"http:\/\/argentinamunicipal.com.ar\/argentina\/wp-json\/wp\/v2\/posts\/65981","targetHints":{"allow":["GET"]}}],"collection":[{"href":"http:\/\/argentinamunicipal.com.ar\/argentina\/wp-json\/wp\/v2\/posts"}],"about":[{"href":"http:\/\/argentinamunicipal.com.ar\/argentina\/wp-json\/wp\/v2\/types\/post"}],"author":[{"embeddable":true,"href":"http:\/\/argentinamunicipal.com.ar\/argentina\/wp-json\/wp\/v2\/users\/2"}],"replies":[{"embeddable":true,"href":"http:\/\/argentinamunicipal.com.ar\/argentina\/wp-json\/wp\/v2\/comments?post=65981"}],"version-history":[{"count":0,"href":"http:\/\/argentinamunicipal.com.ar\/argentina\/wp-json\/wp\/v2\/posts\/65981\/revisions"}],"wp:featuredmedia":[{"embeddable":true,"href":"http:\/\/argentinamunicipal.com.ar\/argentina\/wp-json\/wp\/v2\/media\/65982"}],"wp:attachment":[{"href":"http:\/\/argentinamunicipal.com.ar\/argentina\/wp-json\/wp\/v2\/media?parent=65981"}],"wp:term":[{"taxonomy":"category","embeddable":true,"href":"http:\/\/argentinamunicipal.com.ar\/argentina\/wp-json\/wp\/v2\/categories?post=65981"},{"taxonomy":"post_tag","embeddable":true,"href":"http:\/\/argentinamunicipal.com.ar\/argentina\/wp-json\/wp\/v2\/tags?post=65981"}],"curies":[{"name":"wp","href":"https:\/\/api.w.org\/{rel}","templated":true}]}}