{"id":66017,"date":"2017-07-31T07:37:05","date_gmt":"2017-07-31T10:37:05","guid":{"rendered":"http:\/\/argentinamunicipal.com.ar\/argentina\/?p=66017"},"modified":"2017-07-31T07:37:05","modified_gmt":"2017-07-31T10:37:05","slug":"santa-fe-lifschitz-corral-ensanchan-la-grieta-territorio-santafesino","status":"publish","type":"post","link":"http:\/\/argentinamunicipal.com.ar\/argentina\/santa-fe-lifschitz-corral-ensanchan-la-grieta-territorio-santafesino\/","title":{"rendered":"Santa Fe: Lifschitz y Corral ensanchan la grieta en territorio santafesino"},"content":{"rendered":"<p>Luego de recibir una nota firmada por el jefe de la Casa Gris, el tambi\u00e9n titular de la UCR habl\u00f3 de una \u00abdecisi\u00f3n pol\u00edtica\u00bb de desplazarlo<\/p>\n<p>El socialismo y los radicales afines a Cambiemos no dejan de potenciar sus diferencias: luego de que el gobernador Miguel Lifschitz rechazara d\u00edas atr\u00e1s el pedido del intendente de Santa Fe, Jos\u00e9 Corral, de sumarse a la negociaci\u00f3n para lograr el pago de la millonaria deuda que la administraci\u00f3n de Mauricio Macri mantiene con la provincia, el tambi\u00e9n titular de la UCR nacional advirti\u00f3 que hay una \u00abdecisi\u00f3n pol\u00edtica\u00bb del jefe de la Casa Gris de desplazarlo de las tratativas en curso.A trav\u00e9s de una nota emitida el 25 de julio pasado, Lifschitz le comunic\u00f3 a Corral que \u00aben la presente etapa se est\u00e1 negociando la ejecuci\u00f3n de una sentencia entre actora (la provincia) y demandada (la Casa Rosada), \u00fanicas partes legitimadas procesalmente para ese fin\u00bb.<\/p>\n<p>Asimismo, el gobernador resalt\u00f3 en el texto: \u00abEn virtud de esa legitimaci\u00f3n procesal, y en ejercicio de las facultades del inciso 2 del art\u00edculo 72 de la Constituci\u00f3n provincial, el \u00fanico habilitado para negociar el cumplimiento de las sentencias reca\u00eddas en los mencionados litigios es el Poder Ejecutivo, m\u00e1xime cuando la Municipalidad de Santa Fe no articul\u00f3 oportunamente en dichas causas el inter\u00e9s leg\u00edtimo que ahora invoca\u00bb.<\/p>\n<p>Respecto de la nota firmada por el socialista, Corral asegur\u00f3 ayer a La Capital que \u00abhay un decisi\u00f3n pol\u00edtica de dejar afuera a la ciudad de Santa Fe\u00bb de las negociaciones con la administraci\u00f3n de Cambiemos. \u00abSin dudas, es la respuesta jur\u00eddica que los abogados le aconsejaron a Lifschitz, pero siempre es conveniente involucrar a todos los actores en casos de este tipo\u00bb, agreg\u00f3.<\/p>\n<p>El radical tambi\u00e9n destac\u00f3: \u00abEstamos haciendo reserva de los derechos que tenemos para el momento en que se efectivice el cumplimiento del fallo de la Corte Suprema de Justicia y llegue la parte que leg\u00edtimamente nos corresponde por coparticipaci\u00f3n. Desde ya que fue la provincia la que litig\u00f3 ante el m\u00e1ximo tribunal, pero existen casos en que otros actores se pudieron involucrar en las tratativas en marcha\u00bb.<\/p>\n<p>D\u00edas atr\u00e1s, Corral, al justificar su ausencia (con aviso) a la convocatoria del gobernador para presentar su plan para cobrar la deuda de la Naci\u00f3n, hab\u00eda vuelto a criticar la movida por su coincidencia con la campa\u00f1a electoral.<\/p>\n<p>Al mismo tiempo, el radical pidi\u00f3 que la capital provincial participe de la apertura de la negociaci\u00f3n entre las administraciones de Macri y del Frente Progresista (FPCyS) por la abultada suma.<\/p>\n<p>En ese sentido, Corral record\u00f3 que su administraci\u00f3n hab\u00eda pedido formalmente por nota al Ministerio del Interior nacional y a la Gobernaci\u00f3n un espacio en la mesa de negociaci\u00f3n por la deuda. \u00abParte de esos fondos son municipales por su condici\u00f3n de coparticipables\u00bb, argument\u00f3.<\/p>\n<p>El 18 de julio, frente a un auditorio integrado por dirigentes de casi todos los partidos pol\u00edticos, el mandatario provincial propuso que se paguen los casi 50 mil millones de pesos adeudados a trav\u00e9s de un mix de fondos inmediatos y bonos.<\/p>\n<p>El faltazo de Corral al acto en el que Lifschitz present\u00f3 la propuesta de pago que le elev\u00f3 a la Naci\u00f3n por la deuda ya hab\u00eda detonado la reacci\u00f3n del vicegobernador, el tambi\u00e9n radical Carlos Fascendini, quien dijo que al intendente de Santa Fe \u00ablo \u00fanico que le interesa es llevar agua para su molino\u00bb.<\/p>\n<p>\u00abComo presidente del partido (UCR), le pedimos en reiteradas oportunidades para que interceda ante la Naci\u00f3n y cumpla con la deuda que tiene con la provincia\u00bb, agreg\u00f3 el vicegobernador respecto de Corral.<\/p>\n<p>A pocos d\u00edas de las Paso, los nuevos cruces entre Lifschitz y Corral ensanchan la grieta entre el sector radical con buena sinton\u00eda con el macrismo y el socialismo y suman interrogantes sobre la continuidad de la relaci\u00f3n a futuro.<\/p>\n<h6>Fuente: La Capital Rosario<\/h6>\n","protected":false},"excerpt":{"rendered":"<p>Luego de recibir una nota firmada por el jefe de la Casa Gris, el tambi\u00e9n titular de la UCR habl\u00f3 de una \u00abdecisi\u00f3n pol\u00edtica\u00bb de desplazarlo<\/p>\n","protected":false},"author":2,"featured_media":66018,"comment_status":"closed","ping_status":"closed","sticky":false,"template":"","format":"standard","meta":{"footnotes":""},"categories":[4],"tags":[10],"class_list":["post-66017","post","type-post","status-publish","format-standard","has-post-thumbnail","hentry","category-informe-politico","tag-santa-fe"],"_links":{"self":[{"href":"http:\/\/argentinamunicipal.com.ar\/argentina\/wp-json\/wp\/v2\/posts\/66017","targetHints":{"allow":["GET"]}}],"collection":[{"href":"http:\/\/argentinamunicipal.com.ar\/argentina\/wp-json\/wp\/v2\/posts"}],"about":[{"href":"http:\/\/argentinamunicipal.com.ar\/argentina\/wp-json\/wp\/v2\/types\/post"}],"author":[{"embeddable":true,"href":"http:\/\/argentinamunicipal.com.ar\/argentina\/wp-json\/wp\/v2\/users\/2"}],"replies":[{"embeddable":true,"href":"http:\/\/argentinamunicipal.com.ar\/argentina\/wp-json\/wp\/v2\/comments?post=66017"}],"version-history":[{"count":0,"href":"http:\/\/argentinamunicipal.com.ar\/argentina\/wp-json\/wp\/v2\/posts\/66017\/revisions"}],"wp:featuredmedia":[{"embeddable":true,"href":"http:\/\/argentinamunicipal.com.ar\/argentina\/wp-json\/wp\/v2\/media\/66018"}],"wp:attachment":[{"href":"http:\/\/argentinamunicipal.com.ar\/argentina\/wp-json\/wp\/v2\/media?parent=66017"}],"wp:term":[{"taxonomy":"category","embeddable":true,"href":"http:\/\/argentinamunicipal.com.ar\/argentina\/wp-json\/wp\/v2\/categories?post=66017"},{"taxonomy":"post_tag","embeddable":true,"href":"http:\/\/argentinamunicipal.com.ar\/argentina\/wp-json\/wp\/v2\/tags?post=66017"}],"curies":[{"name":"wp","href":"https:\/\/api.w.org\/{rel}","templated":true}]}}