{"id":66058,"date":"2017-08-01T07:11:07","date_gmt":"2017-08-01T10:11:07","guid":{"rendered":"http:\/\/argentinamunicipal.com.ar\/argentina\/?p=66058"},"modified":"2017-08-01T07:11:07","modified_gmt":"2017-08-01T10:11:07","slug":"mas-despidos-recortes-adidas-echa-ajusta-salario-trabajadores-esteban-echeverria","status":"publish","type":"post","link":"http:\/\/argentinamunicipal.com.ar\/argentina\/mas-despidos-recortes-adidas-echa-ajusta-salario-trabajadores-esteban-echeverria\/","title":{"rendered":"M\u00e1s despidos y recortes: Adidas echa y ajusta el salario de sus trabajadores en Esteban Echeverr\u00eda"},"content":{"rendered":"<p>Operarios denunciaron que la empresa multinacional ya ech\u00f3 a un centenar de empleados y que adem\u00e1s redujo el sueldo de los que todav\u00eda permanecen prestando servicios. En ese marco, cortaron el tr\u00e1nsito del Camino de Cintura para visibilizar la grave situaci\u00f3n por la que atraviesan. Adem\u00e1s dieron a conocer que firma cerr\u00f3 una planta en la localidad de Lan\u00fas.<\/p>\n<p>Trabajadores de Adidas realizaron una protesta con corte de tr\u00e1nsito en ambas manos del Camino de Cintura en el partido de Esteban Echeverr\u00eda, para denunciar despidos y la baja de la producci\u00f3n en la planta de esa ciudad bonaerense.<\/p>\n<p>Durante el piquete, dieron a conocer que la firma en lo que va del a\u00f1o ya despidi\u00f3 a un centenar de operarios. \u201cSomos 500 personas que estamos cortando el tr\u00e1nsito\u201d, explic\u00f3 a T\u00e9lam Gladys Arce, una de las delegadas gremiales, quien a\u00f1adi\u00f3 que el reclamo busca que \u00abla empresa tome conciencia\u00bb del perjuicio que les causa.<\/p>\n<p>En ese sentido, asegur\u00f3 que \u201cnos est\u00e1 dejando sin trabajo, tenemos miedo de que nos echen a todos\u201d, y agreg\u00f3 que \u201cAdidas es nuestro empleador y desde que el presidente Mauricio Macri decidi\u00f3 abrir la importaci\u00f3n la empresa elige comprar el producto terminado en China, con mano de obra extranjera y sac\u00e1ndonos la producci\u00f3n a nosotros\u201d.<\/p>\n<p>Asimismo cont\u00f3 que la semana pasada, despu\u00e9s de una negociaci\u00f3n con el due\u00f1o de la empresa, los trabajadores decidieron ceder parte de su salario, el premio por producci\u00f3n, para evitar m\u00e1s despidos, luego de la cesant\u00eda de 40 operarios d\u00edas atr\u00e1s.<\/p>\n<p>\u201dNosotros no queremos el conflicto, queremos una soluci\u00f3n de los gobiernos nacional y del provincial y de parte de Adidas, que de a poco nos est\u00e1 dejando en la calle a todos\u201d, indic\u00f3.<\/p>\n<p>Adem\u00e1s, revel\u00f3 tambi\u00e9n que el viernes \u00faltimo, la multinacional del calzado cerr\u00f3 definitivamente una planta en Lan\u00fas, donde quedaban s\u00f3lo 35 obreros, tras el despido de la mayor parte del plantel durante los primeros meses de este a\u00f1o.<\/p>\n<p>Por su parte, el Intendente de Esteban Echeverr\u00eda, Fernando Gray, manifest\u00f3 su \u201cenorme preocupaci\u00f3n y dolor\u201d por la situaci\u00f3n y exigi\u00f3 al gobierno nacional que \u201ctome medidas inmediatamente para frenar esta situaci\u00f3n\u201d.<\/p>\n<p>\u201cLa apertura indiscriminada de importaciones est\u00e1 provocando que perdamos el trabajo argentino\u201d, afirm\u00f3.<\/p>\n<h6>Fuente: InfoCielo<\/h6>\n","protected":false},"excerpt":{"rendered":"<p>Operarios denunciaron que la empresa multinacional ya ech\u00f3 a un centenar de empleados y que adem\u00e1s redujo el sueldo de los que todav\u00eda permanecen prestando servicios. <\/p>\n","protected":false},"author":2,"featured_media":66059,"comment_status":"closed","ping_status":"closed","sticky":false,"template":"","format":"standard","meta":{"footnotes":""},"categories":[2],"tags":[12],"class_list":["post-66058","post","type-post","status-publish","format-standard","has-post-thumbnail","hentry","category-informe-municipal","tag-buenos-aires"],"_links":{"self":[{"href":"http:\/\/argentinamunicipal.com.ar\/argentina\/wp-json\/wp\/v2\/posts\/66058","targetHints":{"allow":["GET"]}}],"collection":[{"href":"http:\/\/argentinamunicipal.com.ar\/argentina\/wp-json\/wp\/v2\/posts"}],"about":[{"href":"http:\/\/argentinamunicipal.com.ar\/argentina\/wp-json\/wp\/v2\/types\/post"}],"author":[{"embeddable":true,"href":"http:\/\/argentinamunicipal.com.ar\/argentina\/wp-json\/wp\/v2\/users\/2"}],"replies":[{"embeddable":true,"href":"http:\/\/argentinamunicipal.com.ar\/argentina\/wp-json\/wp\/v2\/comments?post=66058"}],"version-history":[{"count":0,"href":"http:\/\/argentinamunicipal.com.ar\/argentina\/wp-json\/wp\/v2\/posts\/66058\/revisions"}],"wp:featuredmedia":[{"embeddable":true,"href":"http:\/\/argentinamunicipal.com.ar\/argentina\/wp-json\/wp\/v2\/media\/66059"}],"wp:attachment":[{"href":"http:\/\/argentinamunicipal.com.ar\/argentina\/wp-json\/wp\/v2\/media?parent=66058"}],"wp:term":[{"taxonomy":"category","embeddable":true,"href":"http:\/\/argentinamunicipal.com.ar\/argentina\/wp-json\/wp\/v2\/categories?post=66058"},{"taxonomy":"post_tag","embeddable":true,"href":"http:\/\/argentinamunicipal.com.ar\/argentina\/wp-json\/wp\/v2\/tags?post=66058"}],"curies":[{"name":"wp","href":"https:\/\/api.w.org\/{rel}","templated":true}]}}