{"id":66064,"date":"2017-08-01T07:19:01","date_gmt":"2017-08-01T10:19:01","guid":{"rendered":"http:\/\/argentinamunicipal.com.ar\/argentina\/?p=66064"},"modified":"2017-08-01T07:19:01","modified_gmt":"2017-08-01T10:19:01","slug":"trabajadores-en-alerta","status":"publish","type":"post","link":"http:\/\/argentinamunicipal.com.ar\/argentina\/trabajadores-en-alerta\/","title":{"rendered":"Trabajadores en alerta"},"content":{"rendered":"<p>\u201cLa reforma laboral nos quiere llevar a la d\u00e9cada infame\u201d, advirti\u00f3 Yasky, de la CTA. La CGT tambi\u00e9n se opone.<\/p>\n<p>\u201cLa reforma laboral nos quiere llevar a la d\u00e9cada infame\u201d, advirti\u00f3 ayer el secretario general de la CTA y precandidato a diputado nacional por Unidad Ciudadana, Hugo Yasky, al cuestionar los cambios en la legislaci\u00f3n del trabajo que busca impulsar el Gobierno luego de las elecciones. De este modo, se sum\u00f3 a las cr\u00edticas que en el mismo sentido expres\u00f3 la CGT el viernes. Por su parte, el titular de la Uni\u00f3n Industrial Argentina (UIA), Miguel Acevedo, dijo que para mejorar la competitividad hay que reducir los costos impositivos de las empresas y abordar cuestiones como la conflictividad laboral y el ausentismo en las f\u00e1bricas, aunque se mostr\u00f3 esc\u00e9ptico sobre la posibilidad de impulsar una reforma laboral pro empresa como la que aprob\u00f3 Brasil hace algunas semanas.<\/p>\n<p>Yasky cuestion\u00f3 la pol\u00edtica econ\u00f3mica oficial y asegur\u00f3 que despu\u00e9s de las elecciones el Gobierno profundizar\u00e1 el ajuste. \u201cCreo que ni bien el Gobierno muestre las cartas, debemos unificar acciones. La idea es que todo el movimiento obrero pueda definir los pasos, incluidos el paro general. Si los tiempos lo permiten, el ajuste va a ser en octubre. Debemos estar absolutamente conscientes que el paro no es una puja deportiva o gimnasia sindical, es un paro en defensa propia\u201d, sostuvo en declaraciones radiales.<\/p>\n<p>Para Yasky, el Gobierno \u201cest\u00e1 poniendo en pr\u00e1ctica una pol\u00edtica de una agresi\u00f3n, absolutamente inusual e injustificada\u201d, al tiempo que a\u00f1adi\u00f3 que \u201chay un compromiso muy claro de que va por la reforma previsional, por la reforma laboral y la reforma tributaria\u201d. \u201cAqu\u00ed va a hacer una reforma para beneficiar a los que m\u00e1s tienen y descargarlo en los que menos tienen\u201d, advirti\u00f3 el l\u00edder de la CTA.<\/p>\n<p>La CGT, con el respaldo de los sectores gremiales disidentes, acord\u00f3 el viernes un documento cr\u00edtico de la gesti\u00f3n del Gobierno en el que tambi\u00e9n rechaz\u00f3 cualquier modificaci\u00f3n en la legislaci\u00f3n laboral. \u201cEl sindicalismo argentino no puede aceptar que los trabajadores nuevamente seamos la variable de ajuste de un programa econ\u00f3mico que desalienta la producci\u00f3n, agudiza la pobreza, ejecuta despidos y suspensiones\u201d, dice el primer p\u00e1rrafo del documento cegetista. Y contin\u00faa: \u201cNo podemos permitir que los derechos laborales, los convenios colectivos de trabajo, los sistemas de seguridad social y los fueros laborales, valores sociales que nos distinguen en el mundo entero, sean avasallados, identificados o denunciados como un obst\u00e1culo para el desarrollo econ\u00f3mico de nuestro pa\u00eds\u201d.<\/p>\n<p>El titular de la UIA, Miguel Acevedo, asegur\u00f3, por su parte, que hay que bajar los costos para mejorar la competitividad, pero se mostr\u00f3 esc\u00e9ptico sobre la posibilidad de concretar una reforma laboral como la que llev\u00f3 adelante el presidente brasile\u00f1o Michel Temer. \u201cNo se va a poder hacer eso. Lo que se est\u00e1 haciendo en Brasil es porque hay una crisis total que en la Argentina no la ten\u00e9s\u201d, sostuvo.<\/p>\n<p>\u201cNosotros no podemos tener niveles de salarios bajos, somos un pa\u00eds que tenemos una educaci\u00f3n y un entramado industrial que no permite ese tipo de sueldos, pero s\u00ed podes mejorar tu competitividad local para competir con esos pa\u00edses\u201d, se\u00f1al\u00f3. En otro orden, afirm\u00f3 que est\u00e1 \u201ctotalmente de acuerdo en bajar la inflaci\u00f3n porque perjudica al empresariado pero fundamentalmente al asalariado. Me preocupa el tema Lebacs como las importaciones porque no te deja invertir claramente\u201d.<\/p>\n<p>Consultado sobre la suba del d\u00f3lar, sostuvo que \u201cel d\u00f3lar no es el problema, es una referencia. Hay que ver c\u00f3mo podemos bajar los impuestos, como el impuesto al cheque y otros impuestos tremendamente regresivos que hay en provincias\u201d. \u201cNosotros tenemos que recuperar nuestro peso, no tener de referencia el d\u00f3lar. El d\u00f3lar a 18 pesos puede ser un buen d\u00f3lar pero tiene que tener una tendencia. Estas subas abruptas de 10 por ciento en pocas semanas parecen una devaluaci\u00f3n, aunque no terminan siendo una devaluaci\u00f3n porque est\u00e1 atrasado. Productivamente no nos sirve para nada porque no marca una tendencia de recuperaci\u00f3n del tipo de cambio\u201d, detall\u00f3 el titular de la UIA.<\/p>\n<h6>Fuente: P\u00e1gina 12<\/h6>\n","protected":false},"excerpt":{"rendered":"<p>\u201cLa reforma laboral nos quiere llevar a la d\u00e9cada infame\u201d, advirti\u00f3 Yasky, de la CTA. La CGT tambi\u00e9n se opone.<\/p>\n","protected":false},"author":2,"featured_media":66065,"comment_status":"closed","ping_status":"closed","sticky":false,"template":"","format":"standard","meta":{"footnotes":""},"categories":[8],"tags":[21],"class_list":["post-66064","post","type-post","status-publish","format-standard","has-post-thumbnail","hentry","category-informe-nacional","tag-argentina"],"_links":{"self":[{"href":"http:\/\/argentinamunicipal.com.ar\/argentina\/wp-json\/wp\/v2\/posts\/66064","targetHints":{"allow":["GET"]}}],"collection":[{"href":"http:\/\/argentinamunicipal.com.ar\/argentina\/wp-json\/wp\/v2\/posts"}],"about":[{"href":"http:\/\/argentinamunicipal.com.ar\/argentina\/wp-json\/wp\/v2\/types\/post"}],"author":[{"embeddable":true,"href":"http:\/\/argentinamunicipal.com.ar\/argentina\/wp-json\/wp\/v2\/users\/2"}],"replies":[{"embeddable":true,"href":"http:\/\/argentinamunicipal.com.ar\/argentina\/wp-json\/wp\/v2\/comments?post=66064"}],"version-history":[{"count":0,"href":"http:\/\/argentinamunicipal.com.ar\/argentina\/wp-json\/wp\/v2\/posts\/66064\/revisions"}],"wp:featuredmedia":[{"embeddable":true,"href":"http:\/\/argentinamunicipal.com.ar\/argentina\/wp-json\/wp\/v2\/media\/66065"}],"wp:attachment":[{"href":"http:\/\/argentinamunicipal.com.ar\/argentina\/wp-json\/wp\/v2\/media?parent=66064"}],"wp:term":[{"taxonomy":"category","embeddable":true,"href":"http:\/\/argentinamunicipal.com.ar\/argentina\/wp-json\/wp\/v2\/categories?post=66064"},{"taxonomy":"post_tag","embeddable":true,"href":"http:\/\/argentinamunicipal.com.ar\/argentina\/wp-json\/wp\/v2\/tags?post=66064"}],"curies":[{"name":"wp","href":"https:\/\/api.w.org\/{rel}","templated":true}]}}