{"id":66073,"date":"2017-08-01T07:42:43","date_gmt":"2017-08-01T10:42:43","guid":{"rendered":"http:\/\/argentinamunicipal.com.ar\/argentina\/?p=66073"},"modified":"2017-08-01T07:42:43","modified_gmt":"2017-08-01T10:42:43","slug":"plan-abre-familia-se-afianza-rosario-lo-estudian-varias-partes-america-latina","status":"publish","type":"post","link":"http:\/\/argentinamunicipal.com.ar\/argentina\/plan-abre-familia-se-afianza-rosario-lo-estudian-varias-partes-america-latina\/","title":{"rendered":"El Plan Abre Familia se afianza en Rosario y lo estudian en varias partes de Am\u00e9rica latina"},"content":{"rendered":"<p>Este a\u00f1o llegar\u00e1 a una decena de barrios de la ciudad. Entre los logros se destaca el haber propiciado el regreso de chicos a las aulas<\/p>\n<p>El Plan Abre Familia, que este a\u00f1o llegar\u00e1 ya a una decena de barrios de Rosario con un abordaje que releva problemas y necesidades cr\u00edticas hogar por hogar, present\u00f3 ayer un balance preliminar de sus logros. Relevadas m\u00e1s de 2.500 familias, las primeras cifras muestran avances halag\u00fce\u00f1os en materia de documentaci\u00f3n, incorporaci\u00f3n a la escolaridad \u2014el 60 por ciento de los j\u00f3venes que la hab\u00edan abandonado volvieron a estudiar\u2014 y capacitaci\u00f3n laboral, en paralelo a mejoras de \u00abinfraestructura social\u00bb que se llevan adelante en el marco del Plan Abre (ver aparte). El director de Planeamiento Estrat\u00e9gico del Centro de Implementaci\u00f3n de Pol\u00edticas P\u00fablicas para la Equidad y el Crecimiento (Cippec), Fabi\u00e1n Repetto, sostuvo que \u00abla experiencia del Abre est\u00e1 siendo mirada por buena parte de Am\u00e9rica latina\u00bb.<\/p>\n<p>El paradigma que sostiene el plan es que el Estado no puede limitarse a ofrecer bienes y servicios en los territorios m\u00e1s vulnerables y menos integrados, sino que debe hacerse presente de forma m\u00e1s activa, articulando todas sus pol\u00edticas sociales y con la participaci\u00f3n permanente de los vecinos para definir qu\u00e9 intervenciones ser\u00e1n prioritarias.<\/p>\n<p>\u00abAntes la concepci\u00f3n era que el Estado se hac\u00eda presente a trav\u00e9s de una serie de dispositivos, pero hoy, ante otros fen\u00f3menos, eso claramente no alcanza\u00bb, afirm\u00f3 el secretario General de la Municipalidad, Pablo Javkin.<\/p>\n<p>Lanzado en 2013, intensificado durante los a\u00f1os siguientes y con el Abre Familia incorporado con fuerza a mediados de 2016, el Plan Abre cont\u00f3 con asesoramiento del Cippec desde sus inicios, por lo que la mirada de su director de Planeamiento Estrat\u00e9gico cobra especial valor.<\/p>\n<p>\u00abHemos acompa\u00f1ado al Abre desde sus or\u00edgenes, tratando de analizar, aconsejar y hasta aprender de este tipo de experiencia de abordaje territorial que est\u00e1 mirando toda Am\u00e9rica latina\u00bb, sostuvo Repetto, quien atribuy\u00f3 al plan un \u00abdoble objetivo\u00bb: de \u00abretos importantes en infraestructura urbana, pero desde una perspectiva de inclusi\u00f3n social\u00bb.<\/p>\n<p><strong>Prioridades<\/strong><\/p>\n<p>Junto a Repetto ayer participaron de un di\u00e1logo con la prensa tres figuras clave en la implementaci\u00f3n del programa: Javkin por la Intendencia, y Jorge Elder y Cecilia Mijich por la provincia, respectivamente secretario de Desarrollo Territorial y subsecretaria de Coordinaci\u00f3n del Plan Abre de la Regi\u00f3n IV (Rosario).<\/p>\n<p>Mijich record\u00f3 que las dos experiencias (Plan Abre y Abre Familia) constituyen una \u00abestrategia prioritaria\u00bb para la gesti\u00f3n provincial, con el objetivo de llegar a \u00abaquellos barrios con mayor vulnerabilidad y donde puede haber mayores indicadores de violencia urbana\u00bb.<\/p>\n<p>El Abre, record\u00f3, ya se despliega en 33 barrios de la ciudad sobre \u00abtres grandes ejes: uno de infraestructura social, con una fuerte inversi\u00f3n vinculada a servicios y cuestiones urbanas; otro que tiene que ver con la convivencia y la participaci\u00f3n ciudadana, y otro por supuesto con los abordajes familiares\u00bb.<\/p>\n<p>Esa \u00faltima dimensi\u00f3n es la que vertebra el Abre Familia. Al respecto, Elder record\u00f3 que se trabaja con la certeza de que \u00abhay familias que no llegan a las estructuras tradicionales del Estado\u00bb, aun cuando sus instituciones (como escuelas o centros de salud) est\u00e9n pr\u00f3ximas.<\/p>\n<p>Por eso, explic\u00f3, se visita hogar por hogar, donde se realizan \u00abentrevistas de acci\u00f3n\u00bb para detectar si esas familias tienen cubiertos sus \u00abderechos sociales universales\u00bb, por ejemplo la documentaci\u00f3n; si les corresponden beneficios a los que no est\u00e1n accediendo (como la asignaci\u00f3n universal por hijo, la jubilaci\u00f3n o los subsidios por discapacidad). Tambi\u00e9n se mira el \u00abh\u00e1bitat\u00bb (si hay hacinamiento, si existe ba\u00f1o) y se pone especial acento en la franja juvenil.<\/p>\n<p>De hecho, entre los grandes logros del Abre Familia alcanzados en lo que va del 2017 en cinco barrios de Rosario (Santa Luc\u00eda, La Palmera, Las Flores Sur, Polledo y Cullen y Sorrento), El Eucaliptal de Villa Gobernador G\u00e1lvez y Cab\u00edn 9 de P\u00e9rez, se mencionaron una reducci\u00f3n de d\u00e9ficit de documentaci\u00f3n cercano al 26 por ciento, la reincorporaci\u00f3n a la escolaridad del 60 por ciento de los j\u00f3venes que hab\u00edan abandonado sus estudios y el ingreso al nivel inicial del 100 por ciento de los nenes de 4 y 5 a\u00f1os que no lo hab\u00edan hecho.<\/p>\n<p>\u00abEsta etapa del Plan Abre que pone en primer plano a la familia nos parece un paso importante, con enormes complejidades\u00bb, asegur\u00f3 Repetto, avance que calific\u00f3 como \u00abuna gran noticia para Rosario, para Santa Fe y para toda Argentina\u00bb.<\/p>\n<p>Aun as\u00ed, advirti\u00f3, algunas de esas metas cumplidas, como la escolarizaci\u00f3n u otras \u00abbuenas pol\u00edticas de primera infancia\u00bb, constituyen \u00abcondiciones necesarias, pero no suficientes, para evitar la repetici\u00f3n intergeneracional de la pobreza\u00bb.<\/p>\n<p>Para eso, afirm\u00f3, ser\u00e1n indispensables \u00abintervenciones de otro tipo\u00bb. Por ejemplo, del \u00absector productivo\u00bb para que haya \u00abcondiciones de empleo decente\u00bb. Una competencia que excede \u2014al menos en t\u00e9rminos de exclusividad\u2014 al nivel provincial e interpela a la Naci\u00f3n.<\/p>\n<p><strong>Inversi\u00f3n<\/strong><\/p>\n<p>El Plan Abre lleva invertidos mil millones de pesos en infraestructura: 500 millones en pavimentaci\u00f3n, apertura de calles, mejoras hidr\u00e1ulicas y pluviales en 13 barrios de Rosario y su \u00e1rea metropolitana, y otros 500 millones en obras de cloacas hasta cubrir hoy el 80 por ciento de la ciudad.<\/p>\n<h6>Fuente: La Capital Rosario<\/h6>\n","protected":false},"excerpt":{"rendered":"<p>Este a\u00f1o llegar\u00e1 a una decena de barrios de la ciudad. Entre los logros se destaca el haber propiciado el regreso de chicos a las aulas<\/p>\n","protected":false},"author":2,"featured_media":66074,"comment_status":"closed","ping_status":"closed","sticky":false,"template":"","format":"standard","meta":{"footnotes":""},"categories":[2],"tags":[10],"class_list":["post-66073","post","type-post","status-publish","format-standard","has-post-thumbnail","hentry","category-informe-municipal","tag-santa-fe"],"_links":{"self":[{"href":"http:\/\/argentinamunicipal.com.ar\/argentina\/wp-json\/wp\/v2\/posts\/66073","targetHints":{"allow":["GET"]}}],"collection":[{"href":"http:\/\/argentinamunicipal.com.ar\/argentina\/wp-json\/wp\/v2\/posts"}],"about":[{"href":"http:\/\/argentinamunicipal.com.ar\/argentina\/wp-json\/wp\/v2\/types\/post"}],"author":[{"embeddable":true,"href":"http:\/\/argentinamunicipal.com.ar\/argentina\/wp-json\/wp\/v2\/users\/2"}],"replies":[{"embeddable":true,"href":"http:\/\/argentinamunicipal.com.ar\/argentina\/wp-json\/wp\/v2\/comments?post=66073"}],"version-history":[{"count":0,"href":"http:\/\/argentinamunicipal.com.ar\/argentina\/wp-json\/wp\/v2\/posts\/66073\/revisions"}],"wp:featuredmedia":[{"embeddable":true,"href":"http:\/\/argentinamunicipal.com.ar\/argentina\/wp-json\/wp\/v2\/media\/66074"}],"wp:attachment":[{"href":"http:\/\/argentinamunicipal.com.ar\/argentina\/wp-json\/wp\/v2\/media?parent=66073"}],"wp:term":[{"taxonomy":"category","embeddable":true,"href":"http:\/\/argentinamunicipal.com.ar\/argentina\/wp-json\/wp\/v2\/categories?post=66073"},{"taxonomy":"post_tag","embeddable":true,"href":"http:\/\/argentinamunicipal.com.ar\/argentina\/wp-json\/wp\/v2\/tags?post=66073"}],"curies":[{"name":"wp","href":"https:\/\/api.w.org\/{rel}","templated":true}]}}