{"id":66076,"date":"2017-08-01T07:45:50","date_gmt":"2017-08-01T10:45:50","guid":{"rendered":"http:\/\/argentinamunicipal.com.ar\/argentina\/?p=66076"},"modified":"2017-08-01T07:45:50","modified_gmt":"2017-08-01T10:45:50","slug":"advierten-una-reduccion-laboral-sector-gastronomico-parana","status":"publish","type":"post","link":"http:\/\/argentinamunicipal.com.ar\/argentina\/advierten-una-reduccion-laboral-sector-gastronomico-parana\/","title":{"rendered":"Advierten que hay una reducci\u00f3n laboral en el sector gastron\u00f3mico de Paran\u00e1"},"content":{"rendered":"<p>Si bien no hay despidos es evidente la reducci\u00f3n laboral en el sector gastron\u00f3mico de Paran\u00e1 \u2022 As\u00ed lo advirti\u00f3 el secretario general del sindicato que nuclea a los trabajadores de esa actividad en la ciudad capital, Hugo Permay\u00fa \u2022 En tanto durante las vacaciones de julio, la afluencia de turistas \u201cfue menos a la esperada\u201d, afirm\u00f3 a APFDigital<\/p>\n<p>\u201cEstamos teniendo problemas, no despidos directamente pero s\u00ed una reducci\u00f3n laboral principalmente en lo referente al part time o trabajo de fines de semana\u201d, cont\u00f3 Hugo Permay\u00fa.<\/p>\n<p>De este modo, a diferencia de lo que suele ocurrir en vacaciones de invierno o durante los fines de semana, en estos momentos los locales paranaenses de gastronom\u00eda \u201cse est\u00e1n arreglando con la gente que ya ten\u00edan, no han tomado refuerzos y en otros casos le dieron vacaciones a sus empleados\u201d, se\u00f1al\u00f3.<\/p>\n<p>En tanto, al hacer una lectura de lo que dejaron las dos semanas de receso escolar, el dirigente gastron\u00f3mico afirm\u00f3 a esta Agencia: \u201cLas vacaciones de julio no fueron lo que esper\u00e1bamos. Es el momento del a\u00f1o donde m\u00e1s afluencia tenemos, pero este a\u00f1o lamentablemente no fue as\u00ed porque esper\u00e1bamos un poco m\u00e1s\u201d.<\/p>\n<p>\u201cA todas luces se ve que la actividad est\u00e1 retra\u00edda, ocurre no solo con hoteler\u00eda sino tambi\u00e9n en gastronom\u00eda. Si esto no cambia r\u00e1pidamente, habr\u00e1 cierres de locales\u201d, reflexion\u00f3 el secretario general de la seccional local del sindicato gastron\u00f3mico.<\/p>\n<h6>Fuente: APFDigital<\/h6>\n","protected":false},"excerpt":{"rendered":"<p>Si bien no hay despidos es evidente la reducci\u00f3n laboral en el sector gastron\u00f3mico de Paran\u00e1 \u2022 As\u00ed lo advirti\u00f3 el secretario general del sindicato que nuclea a los trabajadores de esa actividad en la ciudad capital, Hugo Permay\u00fa<\/p>\n","protected":false},"author":2,"featured_media":66077,"comment_status":"closed","ping_status":"closed","sticky":false,"template":"","format":"standard","meta":{"footnotes":""},"categories":[5],"tags":[17],"class_list":["post-66076","post","type-post","status-publish","format-standard","has-post-thumbnail","hentry","category-informe-economico","tag-entre-rios"],"_links":{"self":[{"href":"http:\/\/argentinamunicipal.com.ar\/argentina\/wp-json\/wp\/v2\/posts\/66076","targetHints":{"allow":["GET"]}}],"collection":[{"href":"http:\/\/argentinamunicipal.com.ar\/argentina\/wp-json\/wp\/v2\/posts"}],"about":[{"href":"http:\/\/argentinamunicipal.com.ar\/argentina\/wp-json\/wp\/v2\/types\/post"}],"author":[{"embeddable":true,"href":"http:\/\/argentinamunicipal.com.ar\/argentina\/wp-json\/wp\/v2\/users\/2"}],"replies":[{"embeddable":true,"href":"http:\/\/argentinamunicipal.com.ar\/argentina\/wp-json\/wp\/v2\/comments?post=66076"}],"version-history":[{"count":0,"href":"http:\/\/argentinamunicipal.com.ar\/argentina\/wp-json\/wp\/v2\/posts\/66076\/revisions"}],"wp:featuredmedia":[{"embeddable":true,"href":"http:\/\/argentinamunicipal.com.ar\/argentina\/wp-json\/wp\/v2\/media\/66077"}],"wp:attachment":[{"href":"http:\/\/argentinamunicipal.com.ar\/argentina\/wp-json\/wp\/v2\/media?parent=66076"}],"wp:term":[{"taxonomy":"category","embeddable":true,"href":"http:\/\/argentinamunicipal.com.ar\/argentina\/wp-json\/wp\/v2\/categories?post=66076"},{"taxonomy":"post_tag","embeddable":true,"href":"http:\/\/argentinamunicipal.com.ar\/argentina\/wp-json\/wp\/v2\/tags?post=66076"}],"curies":[{"name":"wp","href":"https:\/\/api.w.org\/{rel}","templated":true}]}}