{"id":66088,"date":"2017-08-01T08:09:36","date_gmt":"2017-08-01T11:09:36","guid":{"rendered":"http:\/\/argentinamunicipal.com.ar\/argentina\/?p=66088"},"modified":"2017-08-01T08:09:36","modified_gmt":"2017-08-01T11:09:36","slug":"casa-rosada-recomendo-la-rioja-reducir-planta-estatal","status":"publish","type":"post","link":"http:\/\/argentinamunicipal.com.ar\/argentina\/casa-rosada-recomendo-la-rioja-reducir-planta-estatal\/","title":{"rendered":"Casa Rosada \u2018recomend\u00f3\u2019 a La Rioja reducir su planta estatal"},"content":{"rendered":"<p>As\u00ed lo se\u00f1al\u00f3 el ministro de Hacienda, Ricardo Guerra, quien dijo que este pedido fue expl\u00edcito y directo e incluso les dijo que lo hagan v\u00eda retiros voluntarios para alivianar su d\u00e9ficit. Sin embargo, el funcionario se\u00f1al\u00f3 que la gesti\u00f3n de Sergio Casas descart\u00f3 de plano cualquier medida de esas caracter\u00edsticas.<br \/>\nEl ministro de Hacienda y precandidato a senador nacional suplente, Ricardo Guerra, dio a conocer este lunes que en reuniones mantenidas con el Gobierno Nacional, funcionarios macristas propusieron al Gobierno de La Rioja la posibilidad de implementar medidas para despedir a empleados estatales. Al respecto, asegur\u00f3 que por decisi\u00f3n pol\u00edtica del Gobierno Provincial \u201cno tenemos previsto dejar a gente sin trabajo\u201d.<\/p>\n<p><strong>Sugerencia de reducir planta estatal<\/strong><br \/>\n\u201cEn reuniones que oportunamente se mantuvieron con funcionarios del Gobierno nacional, se nos ha consultado de manera directa si nosotros ten\u00edamos en mente implementar este tipo de medidas, como retiros voluntarios o similares\u201d, asegur\u00f3 el ministro de Hacienda de la Provincia, Ricardo Guerra. Al respecto, el titular de la cartera asegur\u00f3 que \u201cno tenemos previsto dejar gente sin trabajo desde el sector p\u00fablico, ni implementar medidas que en su momento no han dado los resultados que en la teor\u00eda se esperaban, como que los trabajadores pudiesen dejar el Estado y con la indemnizaci\u00f3n pudiesen desarrollar una actividad que les permita vivir dignamente. Eso no sucedi\u00f3 y dada la situaci\u00f3n actual de la econom\u00eda es muy dif\u00edcil que se pueda dar. Por lo tanto la Provincia no va a tomar ese tipo de medidas\u201d, asegur\u00f3.<\/p>\n<p><strong>Sectores beneficiados<\/strong><br \/>\nPor otra parte, Guerra realiz\u00f3 un balance de la cr\u00edtica situaci\u00f3n por la que atraviesa el pa\u00eds en materia econ\u00f3mica. En primer lugar, analiz\u00f3 que \u201chay sectores de la econom\u00eda a los que les han transferido recursos a trav\u00e9s, por ejemplo, de la quita de retenciones, como es al campo, a la actividad minera y dem\u00e1s, es decir que los ha beneficiado decidiendo que cuando hagan sus operaciones con el exterior no les retengan dinero. Es dinero que les queda en sus empresas y estamos hablando de sumas importantes, casi 70 mil millones en el campo, casi 4 mil millones en la actividad minera, entonces si despu\u00e9s las restricciones va a venir al resto de los sectores, los asalariados, las provincias o las obras es injusto\u201d, resalt\u00f3.<\/p>\n<p>En ese marco, el funcionario provincial consider\u00f3 que \u201chay que sentarse y consensuar c\u00f3mo salimos de esto entre el Gobierno Nacional, las Provincias y todos los actores. Ser\u00eda la \u00fanica forma. Mientras no se logre controlar esto, insisto, de una forma consensuada, porque sin dudas se comienzan a tocar intereses y deber\u00edan ser equitativos y justos, o en todo caso los que m\u00e1s tienen que pongan m\u00e1s que ser\u00eda lo m\u00e1s justo, no se va a poder controlar la inflaci\u00f3n ni la suba de precios\u201d, enfatiz\u00f3.<\/p>\n<p><strong>\u00a0El campo<\/strong><br \/>\nEn su an\u00e1lisis, el titular de la cartera de Hacienda provincial resalt\u00f3 que \u201cpor lo que se observa en las estad\u00edsticas, el campo no ha devuelto los beneficios que ha recibido. Hubo un peque\u00f1o incremento en el empleo pero las cantidades f\u00edsicas que se producen han disminuido; no obstante, s\u00ed hubo marcados aumentos de precios. Entonces como balance final, tuvo un gran beneficio pero no ha retribuido a la econom\u00eda, para que de esa manera se beneficie el resto de la poblaci\u00f3n como se pod\u00eda haber esperado\u201d, subray\u00f3.<\/p>\n<p><strong>\u00a0Econom\u00eda sectorizada<\/strong><br \/>\nAs\u00ed tambi\u00e9n, Guerra enfatiz\u00f3 que \u201cArgentina es un pa\u00eds que se ha desarrollado de una manera muy asim\u00e9trica y se puede ver a simple vista. Una cosa es la regi\u00f3n pampeana y otra es la periferia de esa regi\u00f3n, ya sea norte, noreste, noroeste, Cuyo, y la Patagonia. Los grados de desarrollo son muy diferentes y los efectos de estas pol\u00edticas que son centralistas, porque hay sectores que se ven beneficiados pero est\u00e1n emplazados en esa zona central, es en detrimento de otra regi\u00f3n. Es como que la brecha se va a tender a profundizar\u201d, manifest\u00f3.<\/p>\n<p><strong>Promoci\u00f3n industrial<\/strong><br \/>\nPor otra parte, Guerra expres\u00f3 su postura respecto a la Promoci\u00f3n Industrial. \u201cLa esencia del concepto que conlleva la Promoci\u00f3n Industrial es una pol\u00edtica diferenciada para las regiones m\u00e1s deprimidas en su grado de desarrollo\u201d, dijo y consider\u00f3 entonces que \u201cpara poder ir tendiendo a cerrar esa brecha entre la regi\u00f3n de mayor desarrollo y esta zona perif\u00e9rica como la nuestra lo que hay que hacer es fijar pol\u00edticas diferenciadas, una de ellas es la Promoci\u00f3n Industrial, es decir incentivar la inversi\u00f3n a trav\u00e9s del diferimiento de impuestos\u201d. Al respecto, el funcionario provincial lament\u00f3 \u201cno vemos que eso est\u00e9 en la agenda del Gobierno\u201d.<\/p>\n<h6>Fuente: Rioja VIrtual<\/h6>\n","protected":false},"excerpt":{"rendered":"<p>As\u00ed lo se\u00f1al\u00f3 el ministro de Hacienda, Ricardo Guerra, quien dijo que este pedido fue expl\u00edcito y directo e incluso les dijo que lo hagan v\u00eda retiros voluntarios para alivianar su d\u00e9ficit.<\/p>\n","protected":false},"author":2,"featured_media":66089,"comment_status":"closed","ping_status":"closed","sticky":false,"template":"","format":"standard","meta":{"footnotes":""},"categories":[65],"tags":[26],"class_list":["post-66088","post","type-post","status-publish","format-standard","has-post-thumbnail","hentry","category-provincias","tag-la-rioja"],"_links":{"self":[{"href":"http:\/\/argentinamunicipal.com.ar\/argentina\/wp-json\/wp\/v2\/posts\/66088","targetHints":{"allow":["GET"]}}],"collection":[{"href":"http:\/\/argentinamunicipal.com.ar\/argentina\/wp-json\/wp\/v2\/posts"}],"about":[{"href":"http:\/\/argentinamunicipal.com.ar\/argentina\/wp-json\/wp\/v2\/types\/post"}],"author":[{"embeddable":true,"href":"http:\/\/argentinamunicipal.com.ar\/argentina\/wp-json\/wp\/v2\/users\/2"}],"replies":[{"embeddable":true,"href":"http:\/\/argentinamunicipal.com.ar\/argentina\/wp-json\/wp\/v2\/comments?post=66088"}],"version-history":[{"count":0,"href":"http:\/\/argentinamunicipal.com.ar\/argentina\/wp-json\/wp\/v2\/posts\/66088\/revisions"}],"wp:featuredmedia":[{"embeddable":true,"href":"http:\/\/argentinamunicipal.com.ar\/argentina\/wp-json\/wp\/v2\/media\/66089"}],"wp:attachment":[{"href":"http:\/\/argentinamunicipal.com.ar\/argentina\/wp-json\/wp\/v2\/media?parent=66088"}],"wp:term":[{"taxonomy":"category","embeddable":true,"href":"http:\/\/argentinamunicipal.com.ar\/argentina\/wp-json\/wp\/v2\/categories?post=66088"},{"taxonomy":"post_tag","embeddable":true,"href":"http:\/\/argentinamunicipal.com.ar\/argentina\/wp-json\/wp\/v2\/tags?post=66088"}],"curies":[{"name":"wp","href":"https:\/\/api.w.org\/{rel}","templated":true}]}}