{"id":66094,"date":"2017-08-01T06:17:35","date_gmt":"2017-08-01T09:17:35","guid":{"rendered":"http:\/\/argentinamunicipal.com.ar\/argentina\/?p=66094"},"modified":"2017-08-01T08:19:20","modified_gmt":"2017-08-01T11:19:20","slug":"avances-instalar-san-rafael-centro-investigacion","status":"publish","type":"post","link":"http:\/\/argentinamunicipal.com.ar\/argentina\/avances-instalar-san-rafael-centro-investigacion\/","title":{"rendered":"Avances para instalar en San Rafael un centro de investigaci\u00f3n"},"content":{"rendered":"<p>Autoridades del Conicet recorrieron el sitio. Se trata del Parque Cient\u00edfico Tecnol\u00f3gico, de la Facultad de Ciencias Aplicadas a la Industria de la UNCuyo.<\/p>\n<p>La instalaci\u00f3n de un Centro de Investigaciones y Transferencias (CIT) , del Conicet (Consejo Nacional de Investigaciones Cient\u00edficas y T\u00e9cnicas) en San Rafael, fue el motivo de una recorrida por las obras del Parque Cient\u00edfico Tecnol\u00f3gico que construye la Universidad Nacional de Cuyo (UNCuyo) en San Rafael.<\/p>\n<p>La sede de la Facultad de Ciencias Aplicadas a la Industria fue el lugar de encuentro para el rector Daniel Pizzi con el secretario de Articulaci\u00f3n Cient\u00edfico Tecnol\u00f3gica del \u00a0ministerio de Ciencia, Tecnolog\u00eda e Innovaci\u00f3n Productiva de la Naci\u00f3n, Agust\u00edn Campero, el gerente de Desarrollo Cient\u00edfico y Tecnol\u00f3gico del Conicet , Jorge Tez\u00f3n y la anfitriona, \u00a0la decana de la Facultad de Ciencias Aplicadas a la Industria, Alicia Ord\u00f3\u00f1ez.<\/p>\n<p>Llegaron al departamento sure\u00f1o para evaluar el avance de la propuesta del CIT que busca vincular al sector cient\u00edfico de la zona con el productivo. Adem\u00e1s recorrieron las \u00a0las instalaciones del Parque Cient\u00edfico Tecnol\u00f3gico -ubicado en el parque Juan Domingo Per\u00f3n- que a\u00fan se encuentran en desarrollo.<\/p>\n<p>El compromiso del Conicet \u00a0representado en la promoci\u00f3n de los Centros de Investigaci\u00f3n y Transferencia fue destacado por Jorge Tez\u00f3n, gerente de Desarrollo Cient\u00edfico y Tecnol\u00f3gico de la instituci\u00f3n nacional. Y agreg\u00f3 que \u201cesperamos que esta idea fructifique y logre que se afiancen los investigadores, los becarios doctorales y se establezcan l\u00edneas de investigaci\u00f3n propias relacionadas con el medio local\u201d.<\/p>\n<p>Por su parte, Campero se\u00f1al\u00f3 que el gobierno nacional busca impulsar iniciativas que tengan impacto en la generaci\u00f3n de trabajo y apoyar sobre todo a las peque\u00f1as y medianas empresas.<\/p>\n<p>Del encuentro participaron adem\u00e1s integrantes de diversas instituciones como la C\u00e1mara de Comercio de San Rafael, el Instituto Nacional de Tecnolog\u00eda Agropecuaria (INTA), la Comisi\u00f3n Nacional de Energ\u00eda At\u00f3mica (CNEA), el Instituto Nacional de Tecnolog\u00eda Industrial (INTI) y el Instituto Nacional de Vitivinicultura (INV). Todos formar\u00edan parte de este CIT que propone el Conicet.<\/p>\n<p>Los Centros de Investigaci\u00f3n y Transferencia \u00a0son unidades ejecutoras de responsabilidad compartida de investigaci\u00f3n cient\u00edfico-tecnol\u00f3gicas que buscan potenciar desarrollos regionales y promover la investigaci\u00f3n nacional. La propuesta del Conicet es trabajar con diversas universidades nacionales, por lo que ya cuentan con 11 CIT en diferentes puntos del pa\u00eds, como Santiago del Estero, Entre R\u00edos, Catamarca, Jujuy, Chubut y C\u00f3rdoba, entre otros.<\/p>\n<p>La Facultad de Ciencias Aplicadas a la Industria es uno de los actores fundamentales en Ciencia y Tecnolog\u00eda en la provincia, y trabaja con el objetivo de incrementar las acciones de transferencia entre la universidad y las empresas e instituciones \u00a0del medio para potenciar y crear propuestas orientadas a profundizar acciones de investigaci\u00f3n en diversas tem\u00e1ticas relacionadas con los recursos de la regi\u00f3n y que colaboren en el desarrollo de la misma.<\/p>\n<p>El lugar elegido para este CIT es el Parque Cient\u00edfico Tecnol\u00f3gico de la Facultad de Ciencias Aplicadas a la Industria, una construcci\u00f3n que tiene una superficie de 1227 metros cuadrados y que albergar\u00e1 laboratorios, boxes de investigaci\u00f3n y \u00e1reas de ensayos entre otros.<\/p>\n<p><strong>El Parque listo en noviembre<\/strong><\/p>\n<p>El rector de la UNCuyo, Daniel Pizzi, aprovech\u00f3 la recorrida y la visita de las autoridades del Conicet, para anunciar que en noviembre se podr\u00eda inaugurar el Parque Cient\u00edfico Tecnol\u00f3gico.<\/p>\n<p>Este edificio se encuentra en el parque Juan Domingo Per\u00f3n, frente al Centro de Congresos y Exposiciones de San Rafael \u201cAlfredo Bufano\u201d y comenz\u00f3 a construirse en el a\u00f1o 2012. Se divide en dos plantas y cuenta con una superficie cubierta total de 2.000 m2, dise\u00f1ada para albergar laboratorios, oficinas y dep\u00f3sitos.<\/p>\n<p>All\u00ed se trasladar\u00e1n los servicios que se llevan a cabo en la sede de la Facultad de Ciencias Aplicadas a la Industria como el laboratorio de servicios a terceros y el de Biotecnolog\u00eda \u00a0que desarrolla biocombustibles (biodiesel y bioetanol).<\/p>\n<p>Adem\u00e1s se instalar\u00e1 un laboratorio del Instituto Nacional de Tecnolog\u00eda Industrial (INTI) que realizar\u00e1 los controles de los combustibles de todas las estaciones de servicio de la quinta regi\u00f3n del pa\u00eds, que abarca Mendoza, San Juan, La Rioja, San Luis y parte de Neuqu\u00e9n.<\/p>\n<p><strong>Reabri\u00f3 escuela de Punta de Vacas despu\u00e9s de 5 a\u00f1os<\/strong><\/p>\n<p>En un emotivo acto se realiz\u00f3 la reapertura de la Escuela N.\u00ba 1-390 Ejercito Libertador de Punta de Vacas.<\/p>\n<p>El establecimiento, uno de los m\u00e1s cercanos a la frontera, fue cerrado en 2012 por falta de alumnos.<\/p>\n<p>La Direcci\u00f3n General de Escuelas, junto con Gendarmer\u00eda Nacional y otros establecimientos escolares de la zona, colaboraron para que el centro educativo ubicado en la ruta internacional N\u00b07 volviera abrir sus puertas y recibir a 19 alumnos.<\/p>\n<p>Estos estudiantes podr\u00e1n continuar sus estudios y egresarse del nivel primario sin tener que emigrar de la zona o depender del transporte para asistir a otras escuelas.<\/p>\n<p>La instituci\u00f3n hab\u00eda cerrado en el a\u00f1o 2012 cuando se retiraron los 2 \u00faltimos alumnos que asist\u00edan a clases y se perdi\u00f3 la matr\u00edcula del establecimiento.<\/p>\n<p>La disminuci\u00f3n de cursantes se debi\u00f3, en gran medida, al despoblamiento que ha sufrido este paraje ferroviario.<\/p>\n<p>En la actualidad, la mayor\u00eda de los estudiantes inscriptos son hijos de gendarmes que est\u00e1n asignados a esta zona de frontera y conviven con sus familias en Punta de Vacas.<\/p>\n<h6>Fuente: Los Andes<\/h6>\n","protected":false},"excerpt":{"rendered":"<p>Autoridades del Conicet recorrieron el sitio. Se trata del Parque Cient\u00edfico Tecnol\u00f3gico, de la Facultad de Ciencias Aplicadas a la Industria de la UNCuyo.<\/p>\n","protected":false},"author":2,"featured_media":66095,"comment_status":"closed","ping_status":"closed","sticky":false,"template":"","format":"standard","meta":{"footnotes":""},"categories":[2],"tags":[31],"class_list":["post-66094","post","type-post","status-publish","format-standard","has-post-thumbnail","hentry","category-informe-municipal","tag-mendoza"],"_links":{"self":[{"href":"http:\/\/argentinamunicipal.com.ar\/argentina\/wp-json\/wp\/v2\/posts\/66094","targetHints":{"allow":["GET"]}}],"collection":[{"href":"http:\/\/argentinamunicipal.com.ar\/argentina\/wp-json\/wp\/v2\/posts"}],"about":[{"href":"http:\/\/argentinamunicipal.com.ar\/argentina\/wp-json\/wp\/v2\/types\/post"}],"author":[{"embeddable":true,"href":"http:\/\/argentinamunicipal.com.ar\/argentina\/wp-json\/wp\/v2\/users\/2"}],"replies":[{"embeddable":true,"href":"http:\/\/argentinamunicipal.com.ar\/argentina\/wp-json\/wp\/v2\/comments?post=66094"}],"version-history":[{"count":0,"href":"http:\/\/argentinamunicipal.com.ar\/argentina\/wp-json\/wp\/v2\/posts\/66094\/revisions"}],"wp:featuredmedia":[{"embeddable":true,"href":"http:\/\/argentinamunicipal.com.ar\/argentina\/wp-json\/wp\/v2\/media\/66095"}],"wp:attachment":[{"href":"http:\/\/argentinamunicipal.com.ar\/argentina\/wp-json\/wp\/v2\/media?parent=66094"}],"wp:term":[{"taxonomy":"category","embeddable":true,"href":"http:\/\/argentinamunicipal.com.ar\/argentina\/wp-json\/wp\/v2\/categories?post=66094"},{"taxonomy":"post_tag","embeddable":true,"href":"http:\/\/argentinamunicipal.com.ar\/argentina\/wp-json\/wp\/v2\/tags?post=66094"}],"curies":[{"name":"wp","href":"https:\/\/api.w.org\/{rel}","templated":true}]}}