{"id":66097,"date":"2017-08-01T05:19:52","date_gmt":"2017-08-01T08:19:52","guid":{"rendered":"http:\/\/argentinamunicipal.com.ar\/argentina\/?p=66097"},"modified":"2017-08-01T08:23:31","modified_gmt":"2017-08-01T11:23:31","slug":"san-martin-los-andes-mudar-basurero","status":"publish","type":"post","link":"http:\/\/argentinamunicipal.com.ar\/argentina\/san-martin-los-andes-mudar-basurero\/","title":{"rendered":"San Mart\u00edn de los Andes debe mudar el basurero"},"content":{"rendered":"<p>La Justicia dispuso el cierre del actual centro de disposici\u00f3n final de los residuos y le orden\u00f3 que informe en 180 d\u00edas d\u00f3nde localizar\u00e1 el nuevo. Se hizo lugar a un amparo impulsado por el Defensor del Pueblo y desde el municipio anunciaron que apelar\u00e1n.<\/p>\n<p>La Justicia dispuso el cierre definitivo del relleno sanitario ubicado en la periferia de esta ciudad una vez que se complete la Celda V donde actualmente se depositan los residuos urbanos. Esto en virtud de la cercan\u00eda del vertedero con el barrio de reciente conformaci\u00f3n conocido como Chacra 32.<\/p>\n<p>En una sentencia que hace lugar al amparo presentado por la Defensor\u00eda del Pueblo y el Ambiente local, se le orden\u00f3 a la municipalidad que \u201cse abstenga de abrir una nueva celda\u201d y que en los pr\u00f3ximos 180 d\u00edas informe \u201cla nueva ubicaci\u00f3n de un nuevo centro de disposici\u00f3n final\u201d de la basura.<\/p>\n<p>\u201cEn el \u00ednterin, deben adoptarse las medidas necesarias para mitigar el da\u00f1o ambiental que provoca el funcionamiento (de la Celda V), en el marco de un plan de manejo sustentable que garantice la seguridad del m\u00e9todo de disposici\u00f3n de residuos\u201d, dict\u00f3 el magistrado a cargo del Juzgado Civil, Comercial, Laboral y de Miner\u00eda N\u00b02 de esta circunscripci\u00f3n, Andr\u00e9s Luchino.<\/p>\n<p>Desde el gobierno local aseguraron a \u201cR\u00edo Negro\u201d que apelar\u00e1n la decisi\u00f3n judicial de primera instancia, no obstante lo cual instrumentar\u00e1n mecanismos de tratamiento de residuos que podr\u00edan extender la vida \u00fatil del actual lugar de acopio, mientras contin\u00faan las \u201ccomplejas\u201d gestiones para mudar el vertedero de lugar.<\/p>\n<p>\u201cDesde hace muchos a\u00f1os no se puede avanzar en la formaci\u00f3n de un vertedero regional con Jun\u00edn de los Andes. Al inicio de esta gesti\u00f3n empezamos a trabajar para destrabar los acuerdos preestablecidos, pero no podemos hacer magia\u201d, se defendieron desde la municipalidad.<\/p>\n<p>Luchino desestim\u00f3 esos argumentos como as\u00ed tambi\u00e9n el hecho de que el barrio Chacra 32 se instalara cerca del basurero hace algo m\u00e1s de dos a\u00f1os.<\/p>\n<p>\u201cBajo este argumento el municipio no est\u00e1 haciendo m\u00e1s que alegar su propia torpeza\u201d, sentenci\u00f3 el juez. \u201cTales urbanizaciones no estar\u00edan asentadas en proximidades del relleno sanitario si su construccci\u00f3n no hubiera sido autorizada por el propio Municipio\u201d, agreg\u00f3.<\/p>\n<p>El Defensor del Pueblo, Fernando Bravo, asegur\u00f3 que \u201cconfiamos que se encontrar\u00e1 una soluci\u00f3n definitiva. El fallo es contundente y defiende a los vecinos. Dif\u00edcilmente pueda resolverse sin la la Provincia\u201d.<\/p>\n<p><strong>Desperdicios<\/strong><br \/>\n<strong>30\u00a0<\/strong>toneladas de residuos se produce en la ciudad. S\u00f3lo el 2% se recicla, seg\u00fan datos oficiales.<br \/>\n\u201cConfiamos que se encontrar\u00e1 una soluci\u00f3n definitiva. El fallo es contundente y defiende a los vecinos\u201d.<br \/>\nFernando Bravo, Defensor del Pueblo de San Mart\u00edn.<\/p>\n<h6>Fuente: R\u00edo Negro<\/h6>\n","protected":false},"excerpt":{"rendered":"<p>La Justicia dispuso el cierre del actual centro de disposici\u00f3n final de los residuos y le orden\u00f3 que informe en 180 d\u00edas d\u00f3nde localizar\u00e1 el nuevo. <\/p>\n","protected":false},"author":2,"featured_media":66098,"comment_status":"closed","ping_status":"closed","sticky":false,"template":"","format":"standard","meta":{"footnotes":""},"categories":[2],"tags":[23],"class_list":["post-66097","post","type-post","status-publish","format-standard","has-post-thumbnail","hentry","category-informe-municipal","tag-neuquen"],"_links":{"self":[{"href":"http:\/\/argentinamunicipal.com.ar\/argentina\/wp-json\/wp\/v2\/posts\/66097","targetHints":{"allow":["GET"]}}],"collection":[{"href":"http:\/\/argentinamunicipal.com.ar\/argentina\/wp-json\/wp\/v2\/posts"}],"about":[{"href":"http:\/\/argentinamunicipal.com.ar\/argentina\/wp-json\/wp\/v2\/types\/post"}],"author":[{"embeddable":true,"href":"http:\/\/argentinamunicipal.com.ar\/argentina\/wp-json\/wp\/v2\/users\/2"}],"replies":[{"embeddable":true,"href":"http:\/\/argentinamunicipal.com.ar\/argentina\/wp-json\/wp\/v2\/comments?post=66097"}],"version-history":[{"count":0,"href":"http:\/\/argentinamunicipal.com.ar\/argentina\/wp-json\/wp\/v2\/posts\/66097\/revisions"}],"wp:featuredmedia":[{"embeddable":true,"href":"http:\/\/argentinamunicipal.com.ar\/argentina\/wp-json\/wp\/v2\/media\/66098"}],"wp:attachment":[{"href":"http:\/\/argentinamunicipal.com.ar\/argentina\/wp-json\/wp\/v2\/media?parent=66097"}],"wp:term":[{"taxonomy":"category","embeddable":true,"href":"http:\/\/argentinamunicipal.com.ar\/argentina\/wp-json\/wp\/v2\/categories?post=66097"},{"taxonomy":"post_tag","embeddable":true,"href":"http:\/\/argentinamunicipal.com.ar\/argentina\/wp-json\/wp\/v2\/tags?post=66097"}],"curies":[{"name":"wp","href":"https:\/\/api.w.org\/{rel}","templated":true}]}}