{"id":66103,"date":"2017-08-01T06:27:24","date_gmt":"2017-08-01T09:27:24","guid":{"rendered":"http:\/\/argentinamunicipal.com.ar\/argentina\/?p=66103"},"modified":"2017-08-01T08:29:31","modified_gmt":"2017-08-01T11:29:31","slug":"las-heras-paso-185-planes-contrato-municipal","status":"publish","type":"post","link":"http:\/\/argentinamunicipal.com.ar\/argentina\/las-heras-paso-185-planes-contrato-municipal\/","title":{"rendered":"Las Heras pas\u00f3 185 planes a contrato municipal"},"content":{"rendered":"<p>As\u00ed lo confirm\u00f3 el director de Recursos Humanos de la comuna que encabeza Jos\u00e9 Mar\u00eda Carambia. Se trata de 185 trabajadores que ahora tendr\u00e1n la estabilidad del empleo p\u00fablico. Quedan otros 70 \u201cque no se presentaron a la convocatoria\u201d, indicaron desde el Municipio.<\/p>\n<p>Mauricio Rossi, director de Recursos Humanos, indic\u00f3 que se transformaron 185 planes sociales a contratos en el municipio de Las Heras.<br \/>\nDe acuerdo a lo informado en el portal la Voz Santacruce\u00f1a, ya en el mes de junio se hab\u00edan adelantado los requisitos para aquellos agentes municipales que se encontraban bajo la modalidad de planes municipales para pasar a contrato. As\u00ed se indic\u00f3 que desde entonces y hasta la fecha, se \u201cblanque\u00f3\u201d a m\u00e1s de 185 empleados, quienes obtuvieron los beneficios de obra social y aportes jubilatorios, entre otros.<br \/>\n\u201cHay personas que no se han presentado, 70 aproximadamente, lo cual nos pareci\u00f3 extra\u00f1o, ya que era lo que se estaba esperando por todos. Aquellos que no se han podido blanquear por diferentes motivos, quedaron en el programa de \u2018Ayuda Municipal\u2019 y cobrar\u00e1n alrededor de $ 8.500 todos, por una prestaci\u00f3n de servicios de 6 hs., pero se elimina el plan social\u201d, expres\u00f3 Mauricio Rossi, director de Recursos Humanos del Municipio.<br \/>\nAlgunos de los motivos por los que no han pasado a contrato son, por ejemplo, porque perciben alguna pensi\u00f3n y blanquearlos ser\u00eda que la perdieran autom\u00e1ticamente. En otros casos no han podido pasar a contrato porque estaban registrados como monotributo social. \u201cLa gesti\u00f3n anterior los hab\u00eda pasado sin aviso y esto nos genera una complicaci\u00f3n en el sistema, ya que figura como si cobraran un sueldo del Estado y claramente, dos sueldos estatales no se puede cobrar. Es por ello que se pueden acercar a la Secretar\u00eda de Desarrollo Social y Salud para obtener la baja del mismo, para poder pasar a contrato\u201d, detallo Rossi.<br \/>\nCon respecto a los monotributos que prestan servicios y facturan al Municipio de Las Heras, el director de RRHH inform\u00f3: \u201cDeben esperar a que finalice su contrato, una vez que esto suceda, deben dar de baja al monotributo y ah\u00ed tramitar el pase a contrato\u201d. M\u00e1s de 250 empleados se presentaron y el 50% ya forma parte del municipio como contratado, y dichos acuerdos se renuevan bimestralmente. De esta manera se lleva a cabo una de las premisas del intendente Carambia: mejorar las condiciones laborales y, en este caso, terminar con la precarizaci\u00f3n laboral que por a\u00f1os form\u00f3 parte del municipio, casi naturalizando que un gran n\u00famero de empleados no se encuentre registrado y no obtenga ning\u00fan beneficio. En este 2017, en Las Heras se quiere terminar con el trabajo en negro dentro de la Municipalidad.<\/p>\n<h6>Fuente: La Opini\u00f3n Austral<\/h6>\n","protected":false},"excerpt":{"rendered":"<p>As\u00ed lo confirm\u00f3 el director de Recursos Humanos de la comuna que encabeza Jos\u00e9 Mar\u00eda Carambia. Se trata de 185 trabajadores que ahora tendr\u00e1n la estabilidad del empleo p\u00fablico.<\/p>\n","protected":false},"author":2,"featured_media":66104,"comment_status":"closed","ping_status":"closed","sticky":false,"template":"","format":"standard","meta":{"footnotes":""},"categories":[7],"tags":[29],"class_list":["post-66103","post","type-post","status-publish","format-standard","has-post-thumbnail","hentry","category-informe-sindical","tag-santa-cruz"],"_links":{"self":[{"href":"http:\/\/argentinamunicipal.com.ar\/argentina\/wp-json\/wp\/v2\/posts\/66103","targetHints":{"allow":["GET"]}}],"collection":[{"href":"http:\/\/argentinamunicipal.com.ar\/argentina\/wp-json\/wp\/v2\/posts"}],"about":[{"href":"http:\/\/argentinamunicipal.com.ar\/argentina\/wp-json\/wp\/v2\/types\/post"}],"author":[{"embeddable":true,"href":"http:\/\/argentinamunicipal.com.ar\/argentina\/wp-json\/wp\/v2\/users\/2"}],"replies":[{"embeddable":true,"href":"http:\/\/argentinamunicipal.com.ar\/argentina\/wp-json\/wp\/v2\/comments?post=66103"}],"version-history":[{"count":0,"href":"http:\/\/argentinamunicipal.com.ar\/argentina\/wp-json\/wp\/v2\/posts\/66103\/revisions"}],"wp:featuredmedia":[{"embeddable":true,"href":"http:\/\/argentinamunicipal.com.ar\/argentina\/wp-json\/wp\/v2\/media\/66104"}],"wp:attachment":[{"href":"http:\/\/argentinamunicipal.com.ar\/argentina\/wp-json\/wp\/v2\/media?parent=66103"}],"wp:term":[{"taxonomy":"category","embeddable":true,"href":"http:\/\/argentinamunicipal.com.ar\/argentina\/wp-json\/wp\/v2\/categories?post=66103"},{"taxonomy":"post_tag","embeddable":true,"href":"http:\/\/argentinamunicipal.com.ar\/argentina\/wp-json\/wp\/v2\/tags?post=66103"}],"curies":[{"name":"wp","href":"https:\/\/api.w.org\/{rel}","templated":true}]}}