{"id":66106,"date":"2017-08-01T06:30:16","date_gmt":"2017-08-01T09:30:16","guid":{"rendered":"http:\/\/argentinamunicipal.com.ar\/argentina\/?p=66106"},"modified":"2017-08-01T08:32:22","modified_gmt":"2017-08-01T11:32:22","slug":"viedma-la-protesta-antinuclear-llego-la-playa","status":"publish","type":"post","link":"http:\/\/argentinamunicipal.com.ar\/argentina\/viedma-la-protesta-antinuclear-llego-la-playa\/","title":{"rendered":"Viedma: La protesta antinuclear lleg\u00f3 a la playa"},"content":{"rendered":"<p>Vecinos de Viedma y Patagones llegaron ayer a El Espig\u00f3n, la playa favorita de surfistas y pescadores, para generar una imagen de rechazo a la instalaci\u00f3n de una central nuclear en las costas rionegrinas. Alrededor de 400 personas llegaron a la bajada y formaron un NO que se fotografi\u00f3 desde el aire. En el agua, el NO fue escrito con tablas de surf.<\/p>\n<p>Las manifestaciones antinucleares se intensifican. Y en la Comarca se preparan acciones para el 9 de agosto, donde la regi\u00f3n ser\u00e1 epicentro de una movilizaci\u00f3n -que se replicar\u00e1 en varias ciudades del pa\u00eds- para \u201cfrenar\u201d cualquier emprendimiento de este tipo.<\/p>\n<p>La fecha elegida es en conmemoraci\u00f3n de un nuevo aniversario del segundo bombardeo nuclear sobre la ciudad japonesa de Nagasaki.<\/p>\n<h6>Fuente: ADN<\/h6>\n","protected":false},"excerpt":{"rendered":"<p>Vecinos de Viedma y Patagones llegaron ayer a El Espig\u00f3n, la playa favorita de surfistas y pescadores, para generar una imagen de rechazo a la instalaci\u00f3n de una central nuclear en las costas rionegrinas. <\/p>\n","protected":false},"author":2,"featured_media":66107,"comment_status":"closed","ping_status":"closed","sticky":false,"template":"","format":"standard","meta":{"footnotes":""},"categories":[2],"tags":[11],"class_list":["post-66106","post","type-post","status-publish","format-standard","has-post-thumbnail","hentry","category-informe-municipal","tag-rio-negro"],"_links":{"self":[{"href":"http:\/\/argentinamunicipal.com.ar\/argentina\/wp-json\/wp\/v2\/posts\/66106","targetHints":{"allow":["GET"]}}],"collection":[{"href":"http:\/\/argentinamunicipal.com.ar\/argentina\/wp-json\/wp\/v2\/posts"}],"about":[{"href":"http:\/\/argentinamunicipal.com.ar\/argentina\/wp-json\/wp\/v2\/types\/post"}],"author":[{"embeddable":true,"href":"http:\/\/argentinamunicipal.com.ar\/argentina\/wp-json\/wp\/v2\/users\/2"}],"replies":[{"embeddable":true,"href":"http:\/\/argentinamunicipal.com.ar\/argentina\/wp-json\/wp\/v2\/comments?post=66106"}],"version-history":[{"count":0,"href":"http:\/\/argentinamunicipal.com.ar\/argentina\/wp-json\/wp\/v2\/posts\/66106\/revisions"}],"wp:featuredmedia":[{"embeddable":true,"href":"http:\/\/argentinamunicipal.com.ar\/argentina\/wp-json\/wp\/v2\/media\/66107"}],"wp:attachment":[{"href":"http:\/\/argentinamunicipal.com.ar\/argentina\/wp-json\/wp\/v2\/media?parent=66106"}],"wp:term":[{"taxonomy":"category","embeddable":true,"href":"http:\/\/argentinamunicipal.com.ar\/argentina\/wp-json\/wp\/v2\/categories?post=66106"},{"taxonomy":"post_tag","embeddable":true,"href":"http:\/\/argentinamunicipal.com.ar\/argentina\/wp-json\/wp\/v2\/tags?post=66106"}],"curies":[{"name":"wp","href":"https:\/\/api.w.org\/{rel}","templated":true}]}}