{"id":66109,"date":"2017-08-01T05:32:46","date_gmt":"2017-08-01T08:32:46","guid":{"rendered":"http:\/\/argentinamunicipal.com.ar\/argentina\/?p=66109"},"modified":"2017-08-01T08:34:29","modified_gmt":"2017-08-01T11:34:29","slug":"pobreza-los-ninos-siguen-siendo-los-mas-vulnerables-argentina","status":"publish","type":"post","link":"http:\/\/argentinamunicipal.com.ar\/argentina\/pobreza-los-ninos-siguen-siendo-los-mas-vulnerables-argentina\/","title":{"rendered":"Pobreza: Los ni\u00f1os siguen siendo los m\u00e1s vulnerables en Argentina"},"content":{"rendered":"<p>La tasa de pobreza en ni\u00f1ez y adolescencia descendi\u00f3 de 48 a 41,9 por ciento entre el segundo trimestre de 2016 y el primer trimestre de 2017, pero la situaci\u00f3n de los chicos y adolescentes mejor\u00f3 menos que la de los adultos.<\/p>\n<p>La tasa de pobreza en ni\u00f1ez y adolescencia casi duplica la de mayores de 18 a\u00f1os. eg\u00fan c\u00e1lculos realizados por CIPPEC sobre los microdatos de la Encuesta Permanente de Hogares del Indec correspondientes al primer trimestre de 2017, 41,9% (3.112.202) de ni\u00f1os, ni\u00f1as y adolescentes menores de 18 a\u00f1os viven en situaci\u00f3n de pobreza en Argentina.<\/p>\n<p>Esto representa un descenso de 6 puntos respecto de la medici\u00f3n del segundo trimestre de 2016, cuando se publicaron por primera vez los datos de pobreza con la nueva canasta b\u00e1sica total.<\/p>\n<p>\u00abEs dif\u00edcil atribuir la disminuci\u00f3n a un \u00fanico factor. Lo que muestran estos datos es que los ingresos de los hogares crecieron algo por encima de la inflaci\u00f3n\u00bb, explic\u00f3 Gala D\u00edaz Langou, directora del Programa de Protecci\u00f3n Social.<\/p>\n<p>D\u00edaz Langou se\u00f1al\u00f3 que \u00abalgunos de los elementos que pueden ayudar a ese crecimiento en los ingresos es la creaci\u00f3n del ingreso universal para adultos mayores, la actualizaci\u00f3n de la AUH, y la ampliaci\u00f3n de las asignaciones familiares a los monotributistas\u00bb.<\/p>\n<p>A pesar de esta relativa mejora, la Argentina sigue concentrando los peores indicadores de pobreza en los ni\u00f1os, fen\u00f3meno conocido como infantilizaci\u00f3n de la pobreza.<\/p>\n<p>Si bien la situaci\u00f3n de los ni\u00f1os y adolescentes mejor\u00f3 durante este per\u00edodo, lo hizo en menor medida que la mejora en la situaci\u00f3n de los adultos, ya que un 39.1 por ciento de los ni\u00f1os menores de 5 a\u00f1os viven en situaci\u00f3n de pobreza, mientras que un 42,28 por ciento de los ni\u00f1os entre 5 y 14 a\u00f1os y 42,45% de los adolescentes entre 15 y 17 a\u00f1os se encuentran en esta situaci\u00f3n.<\/p>\n<p>\u00abRevertir la infantilizaci\u00f3n de la pobreza y su profundizaci\u00f3n implica un arduo desaf\u00edo en el largo plazo, ya que supone abordar causas estructurales que est\u00e1n arraigadas en patrones culturales y factores socioecon\u00f3micos. Sin embargo, a pesar de esta complejidad, se trata de un desaf\u00edo que debe ser abordado con urgencia\u00bb, precis\u00f3 D\u00edaz Langou.<\/p>\n<h6>Fuente: El Once<\/h6>\n","protected":false},"excerpt":{"rendered":"<p>La tasa de pobreza en ni\u00f1ez y adolescencia descendi\u00f3 de 48 a 41,9 por ciento entre el segundo trimestre de 2016 y el primer trimestre de 2017, pero la situaci\u00f3n de los chicos y adolescentes mejor\u00f3 menos que la de los adultos.<\/p>\n","protected":false},"author":2,"featured_media":66110,"comment_status":"closed","ping_status":"closed","sticky":false,"template":"","format":"standard","meta":{"footnotes":""},"categories":[8],"tags":[21],"class_list":["post-66109","post","type-post","status-publish","format-standard","has-post-thumbnail","hentry","category-informe-nacional","tag-argentina"],"_links":{"self":[{"href":"http:\/\/argentinamunicipal.com.ar\/argentina\/wp-json\/wp\/v2\/posts\/66109","targetHints":{"allow":["GET"]}}],"collection":[{"href":"http:\/\/argentinamunicipal.com.ar\/argentina\/wp-json\/wp\/v2\/posts"}],"about":[{"href":"http:\/\/argentinamunicipal.com.ar\/argentina\/wp-json\/wp\/v2\/types\/post"}],"author":[{"embeddable":true,"href":"http:\/\/argentinamunicipal.com.ar\/argentina\/wp-json\/wp\/v2\/users\/2"}],"replies":[{"embeddable":true,"href":"http:\/\/argentinamunicipal.com.ar\/argentina\/wp-json\/wp\/v2\/comments?post=66109"}],"version-history":[{"count":0,"href":"http:\/\/argentinamunicipal.com.ar\/argentina\/wp-json\/wp\/v2\/posts\/66109\/revisions"}],"wp:featuredmedia":[{"embeddable":true,"href":"http:\/\/argentinamunicipal.com.ar\/argentina\/wp-json\/wp\/v2\/media\/66110"}],"wp:attachment":[{"href":"http:\/\/argentinamunicipal.com.ar\/argentina\/wp-json\/wp\/v2\/media?parent=66109"}],"wp:term":[{"taxonomy":"category","embeddable":true,"href":"http:\/\/argentinamunicipal.com.ar\/argentina\/wp-json\/wp\/v2\/categories?post=66109"},{"taxonomy":"post_tag","embeddable":true,"href":"http:\/\/argentinamunicipal.com.ar\/argentina\/wp-json\/wp\/v2\/tags?post=66109"}],"curies":[{"name":"wp","href":"https:\/\/api.w.org\/{rel}","templated":true}]}}