{"id":66112,"date":"2017-08-01T08:38:14","date_gmt":"2017-08-01T11:38:14","guid":{"rendered":"http:\/\/argentinamunicipal.com.ar\/argentina\/?p=66112"},"modified":"2017-08-01T08:38:14","modified_gmt":"2017-08-01T11:38:14","slug":"francia-ante-dolor-los-inmigrantes","status":"publish","type":"post","link":"http:\/\/argentinamunicipal.com.ar\/argentina\/francia-ante-dolor-los-inmigrantes\/","title":{"rendered":"Francia: Ante el dolor de los inmigrantes"},"content":{"rendered":"<p>El ministro del Interior franc\u00e9s, Gerard Collomb, anunci\u00f3 ayer la creaci\u00f3n de dos centros de recepci\u00f3n para inmigrantes cerca de Calais, al norte del pa\u00eds, y se\u00f1al\u00f3 que el gobierno galo har\u00e1 todo lo posible para evitar que se creen campamentos ilegales como la llamada \u201cjungla\u201d, que fue desmantelada en octubre pasado.<\/p>\n<p>Collomb reaccion\u00f3 as\u00ed a la decisi\u00f3n del Consejo de Estado, la m\u00e1xima instancia administrativa del pa\u00eds, de obligar a las autoridades a responder a las necesidades de los inmigrantes que se encuentran cerca de Calais para evitar que sufran \u201ctrato inhumano y degradante\u201d.<\/p>\n<p>Ante la nueva constataci\u00f3n de la llegada de inmigrantes a esa ciudad, punto de entrada al Reino Unido desde Francia, diversas asociaciones acudieron a la justicia para pedir medidas de amparo para ellos. Pero ni el Gobierno franc\u00e9s ni las autoridades municipales eran favorables a ellas por temor a que favorecieran la creaci\u00f3n de un nuevo campamento improvisado. Obligado por la sentencia, Collomb asegur\u00f3 que se abrir\u00e1n dos centros, en las vecinas Troisvaux y Bailleul, con una capacidad total de 300 plazas, para afrontar las necesidades de los inmigrantes.<\/p>\n<p>En estos centros deber\u00e1n tener los servicios que les conmina a aplicar la sentencia, como agua corriente y sanitarios, adem\u00e1s de una soluci\u00f3n de acogida de urgencia mientras se determina su situaci\u00f3n administrativa. El Consejo de Estado estim\u00f3 que las autoridades deben ocuparse de \u201clas necesidades elementales de los inmigrantes\u201d, en particular \u201csu higiene, alimentaci\u00f3n y agua potable\u201d para evitarles \u201ctratos inhumanos y degradantes\u201d que constituir\u00edan \u201cuna falta grave y manifiesta de su libertad fundamental\u201d.<\/p>\n<p>Paralelamente, el ministro anunci\u00f3 la apertura de una investigaci\u00f3n sobre las acusaciones lanzadas por la ONG Human Rights Watch (HRW) acerca de la violencia policial contra inmigrantes en ese territorio, en particular por el uso de \u201cgas mostaza\u201d contra ellos. Collomb record\u00f3 que este elemento est\u00e1 proscrito en las fuerzas de seguridad francesas y defendi\u00f3 su actuaci\u00f3n, pero asegur\u00f3 que se investigar\u00e1 si hubo \u201cerrores individuales\u201d.<\/p>\n<p>\u201cEl ministerio est\u00e1 dispuesto a tener en consideraci\u00f3n todo elemento que pueda demostrar un comportamiento contrario a las reglas deontol\u00f3gicas\u201d, indic\u00f3. La llamada \u201cjungla\u201d de Calais, un campamento que lleg\u00f3 a concentrar a miles de inmigrantes, fue desmantelada en octubre de 2016.<\/p>\n<h6>Fuente: P\u00e1gina 12<\/h6>\n","protected":false},"excerpt":{"rendered":"<p>El ministro del Interior franc\u00e9s, Gerard Collomb, anunci\u00f3 ayer la creaci\u00f3n de dos centros de recepci\u00f3n para inmigrantes cerca de Calais<\/p>\n","protected":false},"author":2,"featured_media":66113,"comment_status":"closed","ping_status":"closed","sticky":false,"template":"","format":"standard","meta":{"footnotes":""},"categories":[22],"tags":[57],"class_list":["post-66112","post","type-post","status-publish","format-standard","has-post-thumbnail","hentry","category-el-mundo","tag-el-mundo"],"_links":{"self":[{"href":"http:\/\/argentinamunicipal.com.ar\/argentina\/wp-json\/wp\/v2\/posts\/66112","targetHints":{"allow":["GET"]}}],"collection":[{"href":"http:\/\/argentinamunicipal.com.ar\/argentina\/wp-json\/wp\/v2\/posts"}],"about":[{"href":"http:\/\/argentinamunicipal.com.ar\/argentina\/wp-json\/wp\/v2\/types\/post"}],"author":[{"embeddable":true,"href":"http:\/\/argentinamunicipal.com.ar\/argentina\/wp-json\/wp\/v2\/users\/2"}],"replies":[{"embeddable":true,"href":"http:\/\/argentinamunicipal.com.ar\/argentina\/wp-json\/wp\/v2\/comments?post=66112"}],"version-history":[{"count":0,"href":"http:\/\/argentinamunicipal.com.ar\/argentina\/wp-json\/wp\/v2\/posts\/66112\/revisions"}],"wp:featuredmedia":[{"embeddable":true,"href":"http:\/\/argentinamunicipal.com.ar\/argentina\/wp-json\/wp\/v2\/media\/66113"}],"wp:attachment":[{"href":"http:\/\/argentinamunicipal.com.ar\/argentina\/wp-json\/wp\/v2\/media?parent=66112"}],"wp:term":[{"taxonomy":"category","embeddable":true,"href":"http:\/\/argentinamunicipal.com.ar\/argentina\/wp-json\/wp\/v2\/categories?post=66112"},{"taxonomy":"post_tag","embeddable":true,"href":"http:\/\/argentinamunicipal.com.ar\/argentina\/wp-json\/wp\/v2\/tags?post=66112"}],"curies":[{"name":"wp","href":"https:\/\/api.w.org\/{rel}","templated":true}]}}