{"id":66121,"date":"2017-08-03T07:05:36","date_gmt":"2017-08-03T10:05:36","guid":{"rendered":"http:\/\/argentinamunicipal.com.ar\/argentina\/?p=66121"},"modified":"2017-08-03T07:05:36","modified_gmt":"2017-08-03T10:05:36","slug":"magario-aseguro-la-matanza-recibe-obras-casi-27-veces-menos-mar-del-plata","status":"publish","type":"post","link":"http:\/\/argentinamunicipal.com.ar\/argentina\/magario-aseguro-la-matanza-recibe-obras-casi-27-veces-menos-mar-del-plata\/","title":{"rendered":"Magario asegur\u00f3 que La Matanza recibe en obras casi 27 veces menos que Mar del Plata"},"content":{"rendered":"<p>La intendenta de La Matanza, Ver\u00f3nica Magario, apunt\u00f3 hoy contra el presidente y la gobernadora por \u00abdiscriminar\u00bb a los municipios opositores, luego de las pol\u00e9micas declaraciones de su par de Mar del Plata.<\/p>\n<p>La intendenta de La Matanza por Unidad Ciudadana, Ver\u00f3nica Magario, asegur\u00f3 que \u00abmientras los matanceros recibimos en obras $232 por habitante, Mar del Plata recibe $6.173, casi 27 veces m\u00e1s\u00bb.<\/p>\n<p>Mientras los matanceros recibimos en obras $232 por habitante, Mar del Plata recibe $6.173, casi 27 veces m\u00e1s<br \/>\nLas cr\u00edticas de la dirigente kirchnerista a trav\u00e9s de las redes sociales se dieron luego de que el jefe comunal de Mar del Plata por Cambiemos, Carlos Arroyo, reconociera que el oficialismo nacional y provincial ayudan con fondos econ\u00f3micos a esa ciudad por su peso electoral. \u00abMar del Plata ha recibido de la Naci\u00f3n y de la Provincia. Ahora, tambi\u00e9n veamos las causas as\u00ed la gente entiende bien\u201d, confes\u00f3 en un audio se de dio a conocer en los \u00faltimos d\u00edas.<\/p>\n<p>&nbsp;<\/p>\n<p>Por otra parte, y tambi\u00e9n luego de las pol\u00e9micas declaraciones de Arroyo,\u00a0el intendente de Moreno, Walter Festa, hab\u00eda salido al cruce al denunciar que tanto\u00a0Macri como Vidal reparten fondos de manera \u00abdiscrecional entre los municipios bonaerenses\u00bb.<\/p>\n<p>\u00abLo que vinimos denunciando todos estos meses respecto a la falta de apoyo queda en evidencia, ante esta situaci\u00f3n. Nosotros no estamos en contra del apoyo a Mar del Plata, nada tienen que ver los vecinos de all\u00ed. Sino la falta de fondos hacia municipios como el nuestro, que requieren de un apoyo concreto para dar respuestas a demandas de salud, sueldos y servicios\u201d, hab\u00eda exigido.<\/p>\n<h6>Fuente: InfoCielo<\/h6>\n","protected":false},"excerpt":{"rendered":"<p>La intendenta de La Matanza, Ver\u00f3nica Magario, apunt\u00f3 hoy contra el presidente y la gobernadora por \u00abdiscriminar\u00bb a los municipios opositores, luego de las pol\u00e9micas declaraciones de su par de Mar del Plata.<\/p>\n","protected":false},"author":2,"featured_media":66122,"comment_status":"closed","ping_status":"closed","sticky":false,"template":"","format":"standard","meta":{"footnotes":""},"categories":[4],"tags":[12],"class_list":["post-66121","post","type-post","status-publish","format-standard","has-post-thumbnail","hentry","category-informe-politico","tag-buenos-aires"],"_links":{"self":[{"href":"http:\/\/argentinamunicipal.com.ar\/argentina\/wp-json\/wp\/v2\/posts\/66121","targetHints":{"allow":["GET"]}}],"collection":[{"href":"http:\/\/argentinamunicipal.com.ar\/argentina\/wp-json\/wp\/v2\/posts"}],"about":[{"href":"http:\/\/argentinamunicipal.com.ar\/argentina\/wp-json\/wp\/v2\/types\/post"}],"author":[{"embeddable":true,"href":"http:\/\/argentinamunicipal.com.ar\/argentina\/wp-json\/wp\/v2\/users\/2"}],"replies":[{"embeddable":true,"href":"http:\/\/argentinamunicipal.com.ar\/argentina\/wp-json\/wp\/v2\/comments?post=66121"}],"version-history":[{"count":0,"href":"http:\/\/argentinamunicipal.com.ar\/argentina\/wp-json\/wp\/v2\/posts\/66121\/revisions"}],"wp:featuredmedia":[{"embeddable":true,"href":"http:\/\/argentinamunicipal.com.ar\/argentina\/wp-json\/wp\/v2\/media\/66122"}],"wp:attachment":[{"href":"http:\/\/argentinamunicipal.com.ar\/argentina\/wp-json\/wp\/v2\/media?parent=66121"}],"wp:term":[{"taxonomy":"category","embeddable":true,"href":"http:\/\/argentinamunicipal.com.ar\/argentina\/wp-json\/wp\/v2\/categories?post=66121"},{"taxonomy":"post_tag","embeddable":true,"href":"http:\/\/argentinamunicipal.com.ar\/argentina\/wp-json\/wp\/v2\/tags?post=66121"}],"curies":[{"name":"wp","href":"https:\/\/api.w.org\/{rel}","templated":true}]}}