{"id":66127,"date":"2017-08-03T07:14:24","date_gmt":"2017-08-03T10:14:24","guid":{"rendered":"http:\/\/argentinamunicipal.com.ar\/argentina\/?p=66127"},"modified":"2017-08-03T07:14:24","modified_gmt":"2017-08-03T10:14:24","slug":"triaca-nego-una-reforma-laboral-precarizar-hablo-dejar-lado-muchos-privilegios","status":"publish","type":"post","link":"http:\/\/argentinamunicipal.com.ar\/argentina\/triaca-nego-una-reforma-laboral-precarizar-hablo-dejar-lado-muchos-privilegios\/","title":{"rendered":"Triaca neg\u00f3 una reforma laboral para \u201cprecarizar\u201d pero habl\u00f3 de \u201cdejar de lado muchos privilegios\u201d"},"content":{"rendered":"<p>En medio de los rumores que apuntan a cambios en la legislaci\u00f3n como los que hizo Brasil, el ministro de Trabajo habl\u00f3 de un cambio \u201cconsensuado\u201d y argument\u00f3: \u201cTenemos uno de cada tres argentinos en situaci\u00f3n de pobreza\u201d<\/p>\n<p>El ministro de Trabajo, Jorge\u00a0Triaca, habl\u00f3 de una reforma laboral de modo \u201cconsensuado\u201d. En ese sentido, descart\u00f3 la precarizaci\u00f3n, pero dijo que habr\u00e1 que \u201cdejar de lado muchos privilegios\u201d.<\/p>\n<p>\u00abHay que descartar que se haga nada que no sea consensuado\u00bb, dijo Triaca a FM Blue y afirm\u00f3 que \u00aben la medida en que se necesite la sanci\u00f3n de una ley, ser\u00e1 un acuerdo de partes, donde est\u00e9n reflejados los distintos partidos pol\u00edticos y sus opiniones\u00bb.<\/p>\n<p>\u00abDefinitivamente garantizo que si hacemos una reforma laboral no se va a precarizar el trabajo de nadie\u00bb, asegur\u00f3 y argument\u00f3 sobre la necesidad de una modificaci\u00f3n: \u201cTenemos uno de cada tres argentinos en situaci\u00f3n de pobreza, y que esa situaci\u00f3n s\u00f3lo se resuelve si encontramos oportunidades de trabajo para todos los argentinos\u00bb.<\/p>\n<p>En ese sentido, agreg\u00f3 que \u00ablos convenios colectivos de trabajo reflejan los procesos productivos, y permanentemente se est\u00e1n cambiando\u201d y afirm\u00f3 que\u201cmuchos convenios no se modifican desde 1970 y contienen categor\u00edas que no existen m\u00e1s\u00bb.<\/p>\n<p>\u00abLas paritarias hay que discutirlas con la mayor libertad posible, pero entendiendo que tambi\u00e9n afectamos a otros sectores con nuestros reclamos\u00bb, sigui\u00f3 el ministro de Trabajo de la Naci\u00f3n.<\/p>\n<p>Luego se refiri\u00f3 a los rumores de una modificaci\u00f3n como a que ocurri\u00f3 en Brasil y afirm\u00f3 que \u201cno necesariamente es espejo para lo que ocurra en Argentina\u201d. \u201cNosotros no tenemos que copiar la receta de nadie\u00bb, dijo.<\/p>\n<p>\u201cNosotros tenemos que subir la vara, no bajarla\u00bb, agreg\u00f3 pero aclar\u00f3 que \u00absubir la vara significa dejar de lado muchos privilegios, y hay muchos privilegios que son de los trabajadores, pero cuando estamos hablando de ese trabajador desocupado, de esa gente que est\u00e1 informalizada, \u00bfd\u00f3nde est\u00e1n esos privilegios?\u00bb.<\/p>\n<p>Por \u00faltimo cruz\u00f3 a los abogados laboralistas al afirmar que \u00abest\u00e1n defendiendo sus prebendas; 600 millones de d\u00f3lares se repartieron el a\u00f1o pasado quienes litigan en la ciudad de Buenos Aires. Y 60 de ellos se llevaron el 50 por ciento de las demandas realizadas en 2016\u00bb.<\/p>\n<p>\u00abSe aprovechan perniciosamente de la necesidad del trabajador, resuelven no lo que es conforme a derecho sino lo que ellos arreglan con el potencial demandado, y ah\u00ed no est\u00e1 la defensa de los trabajadores\u00bb, critic\u00f3 el funcionario.<\/p>\n<h6>Fuente: InfoNews<\/h6>\n","protected":false},"excerpt":{"rendered":"<p>En medio de los rumores que apuntan a cambios en la legislaci\u00f3n como los que hizo Brasil, el ministro de Trabajo habl\u00f3 de un cambio \u201cconsensuado\u201d y argument\u00f3: \u201cTenemos uno de cada tres argentinos en situaci\u00f3n de pobreza\u201d<\/p>\n","protected":false},"author":2,"featured_media":66128,"comment_status":"closed","ping_status":"closed","sticky":false,"template":"","format":"standard","meta":{"footnotes":""},"categories":[8],"tags":[21],"class_list":["post-66127","post","type-post","status-publish","format-standard","has-post-thumbnail","hentry","category-informe-nacional","tag-argentina"],"_links":{"self":[{"href":"http:\/\/argentinamunicipal.com.ar\/argentina\/wp-json\/wp\/v2\/posts\/66127","targetHints":{"allow":["GET"]}}],"collection":[{"href":"http:\/\/argentinamunicipal.com.ar\/argentina\/wp-json\/wp\/v2\/posts"}],"about":[{"href":"http:\/\/argentinamunicipal.com.ar\/argentina\/wp-json\/wp\/v2\/types\/post"}],"author":[{"embeddable":true,"href":"http:\/\/argentinamunicipal.com.ar\/argentina\/wp-json\/wp\/v2\/users\/2"}],"replies":[{"embeddable":true,"href":"http:\/\/argentinamunicipal.com.ar\/argentina\/wp-json\/wp\/v2\/comments?post=66127"}],"version-history":[{"count":0,"href":"http:\/\/argentinamunicipal.com.ar\/argentina\/wp-json\/wp\/v2\/posts\/66127\/revisions"}],"wp:featuredmedia":[{"embeddable":true,"href":"http:\/\/argentinamunicipal.com.ar\/argentina\/wp-json\/wp\/v2\/media\/66128"}],"wp:attachment":[{"href":"http:\/\/argentinamunicipal.com.ar\/argentina\/wp-json\/wp\/v2\/media?parent=66127"}],"wp:term":[{"taxonomy":"category","embeddable":true,"href":"http:\/\/argentinamunicipal.com.ar\/argentina\/wp-json\/wp\/v2\/categories?post=66127"},{"taxonomy":"post_tag","embeddable":true,"href":"http:\/\/argentinamunicipal.com.ar\/argentina\/wp-json\/wp\/v2\/tags?post=66127"}],"curies":[{"name":"wp","href":"https:\/\/api.w.org\/{rel}","templated":true}]}}