{"id":66139,"date":"2017-08-03T05:30:41","date_gmt":"2017-08-03T08:30:41","guid":{"rendered":"http:\/\/argentinamunicipal.com.ar\/argentina\/?p=66139"},"modified":"2017-08-03T07:43:08","modified_gmt":"2017-08-03T10:43:08","slug":"74-pueblos-santafesinos-eleccion-definida","status":"publish","type":"post","link":"http:\/\/argentinamunicipal.com.ar\/argentina\/74-pueblos-santafesinos-eleccion-definida\/","title":{"rendered":"En 74 pueblos santafesinos, elecci\u00f3n definida"},"content":{"rendered":"<p>Son localidades donde se oficializ\u00f3 una sola lista. El departamento Castellanos tiene ya 24 localidades con sus autoridades para los dos a\u00f1os futuros. En las primarias se definir\u00e1n otras 13 comunas ya que la interna ser\u00e1 dentro de la misma fuerza.<\/p>\n<p>Las Primarias Abiertas Simult\u00e1neas y Obligatorias (PASO) del 13 de agosto volver\u00e1n a tener en la provincia un doble acto comicial: el de diputados nacionales con la cl\u00e1sica boleta de papel, y la de intendentes, concejales y comisiones comunales con el sistema de boleta \u00fanica. A nivel provincial, las PASO se realizar\u00e1n en 103 localidades ya que la ley except\u00faa de esa instancia a las localidades donde haya lista \u00fanica o bien todas las fuerzas participantes tengan una sola lista.<\/p>\n<p>El relevamiento de los candidatos oficializados en el Tribunal Electoral de la provincia permite determinar que en 72 de las 308 comunas que eligen sus comisiones ya tienen definida su autoridad a partir de diciembre pr\u00f3ximo. Es que se present\u00f3 una sola lista la que participar\u00e1 del comicio general del 22 de octubre pero sin riesgo alguno. La mayor\u00eda son localidades peque\u00f1as diseminadas en 15 de los 19 departamentos de la provincia destac\u00e1ndose Castellanos con 24 casos.<\/p>\n<p>El otro dato es que hay otras 13 localidades donde en las PASO del 13 de agosto se definir\u00e1 la futura autoridad comunal ya que hay internas en una \u00fanica fuerza. En 12 casos son internas del Frente Progresista donde quien gana se llevar\u00e1 todo. La restanta es Landeta (dpto San Mart\u00edn) donde la competencia es entre dos justicialistas.<\/p>\n<p>Adem\u00e1s de las 308 comunas, se definir\u00e1n en Santa Fe 12 intendencias, entre ellas de las cuatro flamantes ciudades: Romang, Suardi, San Guillermo y Romang. Tambi\u00e9n recambian autoridades municipales Armstrong, El Tr\u00e9bol, Fray Luis Beltr\u00e1n, Las Toscas, Puerto General San Mart\u00edn, Recreo, Rold\u00e1n y San Jos\u00e9 del Rinc\u00f3n.<\/p>\n<p><strong>El mapa santafesino<\/strong><\/p>\n<p>Desligada de la elecci\u00f3n de diputados ya que rige un sistema electoral diferente, la listas de presidentes de comuna muestra un cuadro pol\u00edtico en transformaci\u00f3n donde el oficialista Frente Progresista es el que mayor cantidad de listas ha presentado. En cambio, se observa la ausencia de candidatos justicialistas en muchas peque\u00f1as localidades y especialmente en algunas zonas del mapa santafesino. Aparece la conformaci\u00f3n de Cambiemos en muchas otras como nuevo fen\u00f3meno pol\u00edtico, y la disidencia radical parcial con el Frente Progresista y con Cambiemos se expresa en decenas de listas del Frente para el Cambio. En muchos otros casos la preservaci\u00f3n de disputas departamentales queda a resguardo en la formaci\u00f3n del frentes electorales locales. En casos puntuales aparecen candidatos de Fe, SI, Mid, PPS e incluso Unite.<\/p>\n<p>El otro dato no menor, es que las 74 comunas con lista \u00fanica, la gran mayor\u00eda son presidentes comunales reelectos que vienen ejerciendo el cargo -en algunos casos- desde d\u00e9cadas.<\/p>\n<p><strong>Las listas ya definidas son las siguientes:<\/strong><\/p>\n<p>* Dpto Caseros: Pablo Grgicevic (Frente Progresista) en Los Molinos.<\/p>\n<p>* Castellanos: Hugo Michelini (Frente Justicialista) en Aldao; Fabio S\u00e1nchez (FJ) en Ataliva; Roberto Morel (Esfuerzo Vecinal) en Aurelia; Ana Cer\u00e9 (FPCS) en Bauer y Sigel; H\u00e9ctor Perotti (FJ) en Bella Italia; Adolfo Ferrero (FPCS) en Bicha; Adri\u00e1n Oggero (FJ) en Bigand; Miguel Giacobone (FJ) en Castellanos: Jorge Enrico (FPCS) en Cello; Irineo Artesana (FPCS) en Fidela; Javier Canavese (FPCS) en Galisteo; H\u00e9ctor Spada (FJ) en Garibaldi; Heraldo Berra (FJ) en Hugentoler; Nicodemo Imsand (FJ) en Iturraspe; Ricardo Garbagnoli (FPCS) en Maua; Fabio Barbero (Uni\u00f3n Vecinal) en Ramona; V\u00edctor Perusini (FPCS) en Raquel; Gonzalo Aira (FPCS) en San Vicente; Sebasti\u00e1n Rancagno (FPCS) en Santa Clara de Saguier; Sergio Sola (FPCS) en Eusebia; Juan Carlos Roll\u00f3n (FPCS) en Tacurales; Claudio Gramaglia (FJ) en Vila; Pedro Fraire (FPCS) en Virginia y Germ\u00e1n Schalter (FPCS) en Zen\u00f3n Pereyra.<\/p>\n<p>* Constituci\u00f3n: Pablo Risso (FPCS) en Rueda y Javier Menotti (Proyecto Santa Teresa) en Santa Teresa.<\/p>\n<p>* General L\u00f3pez: Orlando Pruzzo (FPCS) en Ca\u00f1ada del Ucle y Gustavo Piccirilli (FPCS) en Miguel Torres.<\/p>\n<p>* General Obligado: N\u00e9stor Feldman (FJ) en Ing. Chanourdie; Walter S\u00e1nchez (FPCS) en Las Garzas y Roberto Giuliani (FPCS) en Nicanor Molinas.<\/p>\n<p>* Iriondo: Fabi\u00e1n Balloni (FJ) en Bustinza; M\u00f3nica Bucher (FPCS) en Clason; Virna Perticarari (FPCS) en Salto Grande y Mauricio Tartaglini (Cambiemos) en Villa Elo\u00edsa.<\/p>\n<p>* La Capital: Fernando Vanzini (FPCS) en Cabal y N\u00e9stor Moser (FPCS) en Campo Andino.<\/p>\n<p>* Las Colonias: Hugo Heinzen (FPCS) en Empalme San Carlos; Jos\u00e9 Grosso (FJ) en Hipatia; Clemar Alassia (FPCS) en Ituzaingo; Orlando Imhoff (FPCS) en Las Tunas; N\u00e9stor Reidel (FPCS) en Rivadavia; Daniel R\u00edos (FPCS) en San Jer\u00f3nimo del Sauce; Marcelo Masola (FPCS) en Santa Mar\u00eda Norte y Hugo Salera (FPCS) en Soutomayor.<\/p>\n<p>* Nueve de Julio: Rub\u00e9n Correa (FPCS) en Montefiore y Raquel Hudec (FJ) en Santa Margarita.<\/p>\n<p>* San Crist\u00f3bal: Gustavo Capella (FPCS) en Colonia Bossi; Marcos Clausen (FPCS) en Colonia Ana; Juan D\u00edaz (FPCS) en Colonia Rosa; Hugo L\u00f3pez (Frente para el Cambio) en Curupaiti; Roque Ferreyra (FPCS) en Huanqueros; Luis Mezzenaco (FPCS) en La Cabral; Fabi\u00e1n Abba (FPCS) en La Clara; Danilo Martinotti (FPCS) en La Rubia; Felipe Vieira (FPCS) en Las Avispas; Orestes Gerosa (FPCS) en Monigotes y Lucas Bussi (FPCS) en Palacios.<\/p>\n<p>* San Jer\u00f3nimo: Julio G\u00f3mez (Frente para el Cambio) en Desv\u00edo Arij\u00f3n; Roberto Giraudo (FPCS) en Larrechea y Juan Carlos Santoro (FPCS) en San Eugenio.<\/p>\n<p>* San Justo: Alfredo Polini (Frente para el Cambio) en Esther; Gerardo Baroni (FPCS) en La Camila; Edgardo Ravelli (FPCS) en La Penca; Claudio Ardissana (FPCS) en Nar\u00e9; Miriam Redigonda (FPCS) en Vera y Pintado y Jos\u00e9 Noseda (FPCS) en Videla.<\/p>\n<p>* San Lorenzo: Daniel Qaacquarini (Frente para el Cambio) en Pujato.<\/p>\n<p>* San Mart\u00edn: Gabriel Romaggio (FPCS) en Crispi; Mirna Bocca (Unite) en Las Petacas; Carlos Coppani (FJ) en Los Cardos y Carlos Bongiovani (FPCS) en Piamonte.<\/p>\n<p>* Vera: Hern\u00e1n Niemiz (FPCS) en Toba.<\/p>\n<p><strong>12\u00a0intendentes<\/strong><\/p>\n<p>ser\u00e1n elegidos en octubre<\/p>\n<p><strong>204\u00a0concejales titulares<\/strong><\/p>\n<p>en 55 ciudades<\/p>\n<p><strong>103\u00a0localidades<\/strong><\/p>\n<p>tendr\u00e1n PASO municipal o comunal<\/p>\n<p><strong>74\u00a0comunas<\/strong><\/p>\n<p>tienen lista \u00fanica<\/p>\n<p>1<strong>3\u00a0localidades definir\u00e1n<\/strong><\/p>\n<p>en la PASO su presidente comunal.<\/p>\n<p><strong>Mano a mano<\/strong><\/p>\n<p>El Frente Progresista C\u00edvico y Social se quedar\u00e1 con 12 administraciones comunales donde dos listas competir\u00e1n en las PASO del 13 de agosto. Se trata de las localidades de Peyrano, El Araz\u00e1, Felicia, Jacinto Arauz, Mar\u00eda Luisa, San Carlos Norte, San Mar\u00eda Norte, Uranga, La Lucila, Santurce, Villa Tramontina y Gobernador Crespo. Adem\u00e1s en el caso de Felicia y Villa Tramontina la disputa es entre listas encabezadas por mujeres.<\/p>\n<p>En el caso del Frente Justicialista, la PASO definir\u00e1 el presidente comunal de Landeta.<\/p>\n<p><strong>Mujeres<\/strong><\/p>\n<p>El Indicador de Participaci\u00f3n de las Mujeres presentado d\u00edas atr\u00e1s por el gobierno provincial destac\u00f3 la supremacia de varones en los cargos de conducci\u00f3n de los gobiernos municipales y comunales.<\/p>\n<p>Seg\u00fan el trabajo, sobre 363 municipios y comunas distribuidos en toda la provincia solo el 7,7% de los cargos son para mujeres.<\/p>\n<p>De las actuales 51 municipalidades (desde diciembre ser\u00e1n 55) s\u00f3lo 8 son mujeres en el cargo de intendente.<\/p>\n<p>En tanto, en las 312 comunas actuales (308 desde diciembre) solo 20 mujeres presiden comunas.<\/p>\n<h6>Fuente: El Litoral<\/h6>\n","protected":false},"excerpt":{"rendered":"<p>Son localidades donde se oficializ\u00f3 una sola lista. El departamento Castellanos tiene ya 24 localidades con sus autoridades para los dos a\u00f1os futuros. En las primarias se definir\u00e1n otras 13 comunas ya que la interna ser\u00e1 dentro de la misma fuerza.<\/p>\n","protected":false},"author":2,"featured_media":66140,"comment_status":"closed","ping_status":"closed","sticky":false,"template":"","format":"standard","meta":{"footnotes":""},"categories":[4],"tags":[10],"class_list":["post-66139","post","type-post","status-publish","format-standard","has-post-thumbnail","hentry","category-informe-politico","tag-santa-fe"],"_links":{"self":[{"href":"http:\/\/argentinamunicipal.com.ar\/argentina\/wp-json\/wp\/v2\/posts\/66139","targetHints":{"allow":["GET"]}}],"collection":[{"href":"http:\/\/argentinamunicipal.com.ar\/argentina\/wp-json\/wp\/v2\/posts"}],"about":[{"href":"http:\/\/argentinamunicipal.com.ar\/argentina\/wp-json\/wp\/v2\/types\/post"}],"author":[{"embeddable":true,"href":"http:\/\/argentinamunicipal.com.ar\/argentina\/wp-json\/wp\/v2\/users\/2"}],"replies":[{"embeddable":true,"href":"http:\/\/argentinamunicipal.com.ar\/argentina\/wp-json\/wp\/v2\/comments?post=66139"}],"version-history":[{"count":0,"href":"http:\/\/argentinamunicipal.com.ar\/argentina\/wp-json\/wp\/v2\/posts\/66139\/revisions"}],"wp:featuredmedia":[{"embeddable":true,"href":"http:\/\/argentinamunicipal.com.ar\/argentina\/wp-json\/wp\/v2\/media\/66140"}],"wp:attachment":[{"href":"http:\/\/argentinamunicipal.com.ar\/argentina\/wp-json\/wp\/v2\/media?parent=66139"}],"wp:term":[{"taxonomy":"category","embeddable":true,"href":"http:\/\/argentinamunicipal.com.ar\/argentina\/wp-json\/wp\/v2\/categories?post=66139"},{"taxonomy":"post_tag","embeddable":true,"href":"http:\/\/argentinamunicipal.com.ar\/argentina\/wp-json\/wp\/v2\/tags?post=66139"}],"curies":[{"name":"wp","href":"https:\/\/api.w.org\/{rel}","templated":true}]}}